{"id":11008,"date":"2023-05-11T14:45:44","date_gmt":"2023-05-11T12:45:44","guid":{"rendered":"https:\/\/fdp-aktiv.de\/blog\/?p=11008"},"modified":"2023-05-11T14:45:44","modified_gmt":"2023-05-11T12:45:44","slug":"baden-wuerttemberg-ruelke-vgh-watscht-strobl-ab","status":"publish","type":"post","link":"https:\/\/fdp-aktiv.de\/blog\/2023\/05\/11\/baden-wuerttemberg-ruelke-vgh-watscht-strobl-ab\/","title":{"rendered":"Baden-W\u00fcrttemberg &#8211; R\u00fclke: VGH watscht Strobl ab"},"content":{"rendered":"<p>Regelungen des Innenministeriums ignorieren Parlamentsvorbehalt und sind zudem auch noch handwerklich ungen\u00fcgend.<\/p>\n<figure id=\"attachment_1526\" aria-describedby=\"caption-attachment-1526\" style=\"width: 800px\" class=\"wp-caption aligncenter\"><a href=\"https:\/\/fdp-aktiv.de\/blog\/wp-content\/uploads\/2021\/06\/Dr._Hans_Ulrich_Ruelke_FDP_BW.jpg\"><img loading=\"lazy\" decoding=\"async\" class=\"size-large wp-image-1526\" src=\"https:\/\/fdp-aktiv.de\/blog\/wp-content\/uploads\/2021\/06\/Dr._Hans_Ulrich_Ruelke_FDP_BW-1024x682.jpg\" alt=\"Dr. Hans Ulrich R\u00fclke\" width=\"800\" height=\"533\" srcset=\"https:\/\/fdp-aktiv.de\/blog\/wp-content\/uploads\/2021\/06\/Dr._Hans_Ulrich_Ruelke_FDP_BW-1024x682.jpg 1024w, https:\/\/fdp-aktiv.de\/blog\/wp-content\/uploads\/2021\/06\/Dr._Hans_Ulrich_Ruelke_FDP_BW-300x200.jpg 300w, https:\/\/fdp-aktiv.de\/blog\/wp-content\/uploads\/2021\/06\/Dr._Hans_Ulrich_Ruelke_FDP_BW-768x512.jpg 768w, https:\/\/fdp-aktiv.de\/blog\/wp-content\/uploads\/2021\/06\/Dr._Hans_Ulrich_Ruelke_FDP_BW.jpg 1030w\" sizes=\"auto, (max-width: 800px) 100vw, 800px\" \/><\/a><figcaption id=\"caption-attachment-1526\" class=\"wp-caption-text\">Dr. Hans Ulrich R\u00fclke<\/figcaption><\/figure>\n<p>Zur Entscheidung des Verwaltungsgerichtshofs (VGH) Baden-W\u00fcrttemberg, wonach die Regeln f\u00fcr Fristen, in denen Rettungskr\u00e4fte am Einsatzort sein m\u00fcssen, f\u00fcr unwirksam erkl\u00e4rt wurden, \u00e4u\u00dfert sich <strong>Dr. Hans-Ulrich R\u00fclke, <\/strong>Vorsitzender der FDP\/DVP-Fraktion, wie folgt:<\/p>\n<p>\u201eDer Verwaltungsgerichtshof hat in der m\u00fcndlichen Verhandlung herbe Kritik am Rettungsdienstplan des Innenministeriums ge\u00fcbt und in seinem Urteil die Regelungen zur Hilfsfrist f\u00fcr unwirksam erkl\u00e4rt. Das ist eine weitere herbe Klatsche f\u00fcr Innenminister Strobl.<\/p>\n<p>Dessen Ministerium wurde in seinen grundlegenden Ausf\u00fchrungen, wonach die Hilfsfrist ein reines Planungsinstrument sei, vom VGH eindeutig widerlegt. Zudem \u2013 so der VGH \u2013 enthalte der Rettungsdienstplan Regelungen, die durch das Parlament h\u00e4tten beschlossen werden m\u00fcssen.<\/p>\n<p>Es ist auch ohne die genaue Begr\u00fcndung des VGH bereits absehbar, dass Strobls Ministerium einerseits inhaltlich ungen\u00fcgende Arbeit abliefert, andererseits dabei sogar den Parlamentsvorbehalt ignoriert.<\/p>\n<p>Strobl, der bereits den Sex-Skandal und die haarstr\u00e4ubende Bef\u00f6rderungspraxis im Polizeiapparat zu verantworten hat, f\u00fcgt seiner unr\u00fchmlichen Liste von Misserfolgen und Fehlentscheidungen ein weiteres Kapitel hinzu.<\/p>\n<p>Nach dem Urteil zur Hilfsfrist fragt man sich: Wann endet die Gnadenfrist f\u00fcr den skandalumwitterten Innenminister?\u201c<\/p>\n","protected":false},"excerpt":{"rendered":"<p>Regelungen des Innenministeriums ignorieren Parlamentsvorbehalt und sind zudem auch noch handwerklich ungen\u00fcgend. Zur Entscheidung des Verwaltungsgerichtshofs (VGH) Baden-W\u00fcrttemberg, wonach die Regeln f\u00fcr Fristen, in denen Rettungskr\u00e4fte am Einsatzort sein m\u00fcssen, [&#8230;]<\/p>\n","protected":false},"author":1,"featured_media":0,"comment_status":"open","ping_status":"closed","sticky":false,"template":"","format":"standard","meta":{"footnotes":""},"categories":[6],"tags":[842,650,1872,1871],"class_list":["post-11008","post","type-post","status-publish","format-standard","hentry","category-politik","tag-dr-hans-ulrich-ruelke","tag-fdp-dvp","tag-verwaltungsgerichtshof","tag-vgh"],"_links":{"self":[{"href":"https:\/\/fdp-aktiv.de\/blog\/wp-json\/wp\/v2\/posts\/11008","targetHints":{"allow":["GET"]}}],"collection":[{"href":"https:\/\/fdp-aktiv.de\/blog\/wp-json\/wp\/v2\/posts"}],"about":[{"href":"https:\/\/fdp-aktiv.de\/blog\/wp-json\/wp\/v2\/types\/post"}],"author":[{"embeddable":true,"href":"https:\/\/fdp-aktiv.de\/blog\/wp-json\/wp\/v2\/users\/1"}],"replies":[{"embeddable":true,"href":"https:\/\/fdp-aktiv.de\/blog\/wp-json\/wp\/v2\/comments?post=11008"}],"version-history":[{"count":1,"href":"https:\/\/fdp-aktiv.de\/blog\/wp-json\/wp\/v2\/posts\/11008\/revisions"}],"predecessor-version":[{"id":11013,"href":"https:\/\/fdp-aktiv.de\/blog\/wp-json\/wp\/v2\/posts\/11008\/revisions\/11013"}],"wp:attachment":[{"href":"https:\/\/fdp-aktiv.de\/blog\/wp-json\/wp\/v2\/media?parent=11008"}],"wp:term":[{"taxonomy":"category","embeddable":true,"href":"https:\/\/fdp-aktiv.de\/blog\/wp-json\/wp\/v2\/categories?post=11008"},{"taxonomy":"post_tag","embeddable":true,"href":"https:\/\/fdp-aktiv.de\/blog\/wp-json\/wp\/v2\/tags?post=11008"}],"curies":[{"name":"wp","href":"https:\/\/api.w.org\/{rel}","templated":true}]}}