{"id":11014,"date":"2023-05-11T15:22:42","date_gmt":"2023-05-11T13:22:42","guid":{"rendered":"https:\/\/fdp-aktiv.de\/blog\/?p=11014"},"modified":"2023-05-11T15:23:17","modified_gmt":"2023-05-11T13:23:17","slug":"bundestag-meyer-die-zeit-der-verteilungspolitik-ist-zu-ende","status":"publish","type":"post","link":"https:\/\/fdp-aktiv.de\/blog\/2023\/05\/11\/bundestag-meyer-die-zeit-der-verteilungspolitik-ist-zu-ende\/","title":{"rendered":"Bundestag &#8211; MEYER: Die Zeit der Verteilungspolitik ist zu Ende"},"content":{"rendered":"<div class=\"clearfix text-formatted field field--name-body field--type-text-with-summary field--label-hidden field__item\">\n<p>Zur Steuersch\u00e4tzung erkl\u00e4rt der stellvertretende FDP-Fraktionsvorsitzende Christoph Meyer:<\/p>\n<figure id=\"attachment_5300\" aria-describedby=\"caption-attachment-5300\" style=\"width: 683px\" class=\"wp-caption aligncenter\"><a href=\"https:\/\/fdp-aktiv.de\/blog\/wp-content\/uploads\/2022\/04\/Christoph_Meyer_FDP-scaled.jpg\"><img loading=\"lazy\" decoding=\"async\" class=\"size-large wp-image-5300\" src=\"https:\/\/fdp-aktiv.de\/blog\/wp-content\/uploads\/2022\/04\/Christoph_Meyer_FDP-683x1024.jpg\" alt=\"\" width=\"683\" height=\"1024\" srcset=\"https:\/\/fdp-aktiv.de\/blog\/wp-content\/uploads\/2022\/04\/Christoph_Meyer_FDP-683x1024.jpg 683w, https:\/\/fdp-aktiv.de\/blog\/wp-content\/uploads\/2022\/04\/Christoph_Meyer_FDP-200x300.jpg 200w, https:\/\/fdp-aktiv.de\/blog\/wp-content\/uploads\/2022\/04\/Christoph_Meyer_FDP-768x1152.jpg 768w, https:\/\/fdp-aktiv.de\/blog\/wp-content\/uploads\/2022\/04\/Christoph_Meyer_FDP-1024x1536.jpg 1024w, https:\/\/fdp-aktiv.de\/blog\/wp-content\/uploads\/2022\/04\/Christoph_Meyer_FDP-1365x2048.jpg 1365w, https:\/\/fdp-aktiv.de\/blog\/wp-content\/uploads\/2022\/04\/Christoph_Meyer_FDP-scaled.jpg 1707w\" sizes=\"auto, (max-width: 683px) 100vw, 683px\" \/><\/a><figcaption id=\"caption-attachment-5300\" class=\"wp-caption-text\">Christoph Mayer, FDP<\/figcaption><\/figure>\n<p>\u201eMit der Mai-Steuersch\u00e4tzung haben wir Klarheit: Niemand wird in den Haushaltsberatungen an einer Schwerpunktsetzung vorbeikommen. In der Drei-Jahresbetrachtung von 2024 bis 2026 laufen wir bei den Steuereinnahmen des Bundes auf Mindereinnahmen in H\u00f6he von 60,3 Milliarden Euro gegen\u00fcber der Steuersch\u00e4tzung von Oktober 2022 hinaus. Mehr als 377,3 Milliarden Euro an Steuern wird der Bund 2024 somit nicht zur Verf\u00fcgung haben. Die Zeit der Verteilungspolitik ist zu Ende. Wohlf\u00fchlf\u00f6rderprogramme f\u00fcr jede einzelne Community sind nicht mehr umsetzbar. Jetzt schl\u00e4gt die Stunde des Priorisierens und Konsolidierens. Auch die Bund-L\u00e4nder-Finanzbeziehungen m\u00fcssen grunds\u00e4tzlich auf den Pr\u00fcfstand. Denn die L\u00e4nder werden von 2024 bis 2027 90,7 Milliarden Euro mehr an Steuereinnahmen zur Verf\u00fcgung haben als der Bund. Die Ergebnisse der Steuersch\u00e4tzung zeigen auch die dringende Handlungsnotwendigkeit f\u00fcr eine entlastende, unb\u00fcrokratische Wirtschafts- und Industriepolitik. Deutschlands Wettbewerbsf\u00e4higkeit muss gest\u00e4rkt werden, sonst droht sich die Lage bei den Steuereinnahmen zuk\u00fcnftig weiter zu verschlechtern.\u201c<\/p>\n<\/div>\n","protected":false},"excerpt":{"rendered":"<p>Zur Steuersch\u00e4tzung erkl\u00e4rt der stellvertretende FDP-Fraktionsvorsitzende Christoph Meyer: \u201eMit der Mai-Steuersch\u00e4tzung haben wir Klarheit: Niemand wird in den Haushaltsberatungen an einer Schwerpunktsetzung vorbeikommen. In der Drei-Jahresbetrachtung von 2024 bis 2026 [&#8230;]<\/p>\n","protected":false},"author":1,"featured_media":0,"comment_status":"open","ping_status":"closed","sticky":false,"template":"","format":"standard","meta":{"footnotes":""},"categories":[55],"tags":[2322,2688,2793],"class_list":["post-11014","post","type-post","status-publish","format-standard","hentry","category-finanzen","tag-christoph-meyer","tag-fdp-bundestag","tag-steuerschaetzung"],"_links":{"self":[{"href":"https:\/\/fdp-aktiv.de\/blog\/wp-json\/wp\/v2\/posts\/11014","targetHints":{"allow":["GET"]}}],"collection":[{"href":"https:\/\/fdp-aktiv.de\/blog\/wp-json\/wp\/v2\/posts"}],"about":[{"href":"https:\/\/fdp-aktiv.de\/blog\/wp-json\/wp\/v2\/types\/post"}],"author":[{"embeddable":true,"href":"https:\/\/fdp-aktiv.de\/blog\/wp-json\/wp\/v2\/users\/1"}],"replies":[{"embeddable":true,"href":"https:\/\/fdp-aktiv.de\/blog\/wp-json\/wp\/v2\/comments?post=11014"}],"version-history":[{"count":1,"href":"https:\/\/fdp-aktiv.de\/blog\/wp-json\/wp\/v2\/posts\/11014\/revisions"}],"predecessor-version":[{"id":11015,"href":"https:\/\/fdp-aktiv.de\/blog\/wp-json\/wp\/v2\/posts\/11014\/revisions\/11015"}],"wp:attachment":[{"href":"https:\/\/fdp-aktiv.de\/blog\/wp-json\/wp\/v2\/media?parent=11014"}],"wp:term":[{"taxonomy":"category","embeddable":true,"href":"https:\/\/fdp-aktiv.de\/blog\/wp-json\/wp\/v2\/categories?post=11014"},{"taxonomy":"post_tag","embeddable":true,"href":"https:\/\/fdp-aktiv.de\/blog\/wp-json\/wp\/v2\/tags?post=11014"}],"curies":[{"name":"wp","href":"https:\/\/api.w.org\/{rel}","templated":true}]}}