{"id":11054,"date":"2023-05-11T18:28:12","date_gmt":"2023-05-11T16:28:12","guid":{"rendered":"https:\/\/fdp-aktiv.de\/blog\/?p=11054"},"modified":"2023-05-11T18:28:12","modified_gmt":"2023-05-11T16:28:12","slug":"bayern-markwort-die-zeit-der-verschwendung-unserer-rundfunkbeitraege-muss-vorbei-sein","status":"publish","type":"post","link":"https:\/\/fdp-aktiv.de\/blog\/2023\/05\/11\/bayern-markwort-die-zeit-der-verschwendung-unserer-rundfunkbeitraege-muss-vorbei-sein\/","title":{"rendered":"Bayern &#8211; MARKWORT: Die Zeit der Verschwendung unserer Rundfunkbeitr\u00e4ge muss vorbei sein"},"content":{"rendered":"<div class=\"clearfix text-formatted field field--name-body field--type-text-with-summary field--label-hidden field__item\">\n<p>Zur gestrigen Anh\u00f6rung zum Reformbedarf im \u00f6ffentlich-rechtlichen Rundfunk im Ausschuss f\u00fcr Wissenschaft und Kunst erkl\u00e4rt der medienpolitische Sprecher der FDP-Landtagsfraktion, <strong>Helmut Markwort<\/strong>:<\/p>\n<figure id=\"attachment_8053\" aria-describedby=\"caption-attachment-8053\" style=\"width: 840px\" class=\"wp-caption aligncenter\"><a href=\"https:\/\/fdp-aktiv.de\/blog\/wp-content\/uploads\/2022\/11\/Helmut_Markwort_36216_Anschnitt_0.jpg\"><img loading=\"lazy\" decoding=\"async\" class=\"size-full wp-image-8053\" src=\"https:\/\/fdp-aktiv.de\/blog\/wp-content\/uploads\/2022\/11\/Helmut_Markwort_36216_Anschnitt_0.jpg\" alt=\"Helmut_Markwort\" width=\"840\" height=\"472\" srcset=\"https:\/\/fdp-aktiv.de\/blog\/wp-content\/uploads\/2022\/11\/Helmut_Markwort_36216_Anschnitt_0.jpg 840w, https:\/\/fdp-aktiv.de\/blog\/wp-content\/uploads\/2022\/11\/Helmut_Markwort_36216_Anschnitt_0-300x169.jpg 300w, https:\/\/fdp-aktiv.de\/blog\/wp-content\/uploads\/2022\/11\/Helmut_Markwort_36216_Anschnitt_0-768x432.jpg 768w\" sizes=\"auto, (max-width: 840px) 100vw, 840px\" \/><\/a><figcaption id=\"caption-attachment-8053\" class=\"wp-caption-text\">Helmut Markwort<\/figcaption><\/figure>\n<p>\u201eDie heutige Anh\u00f6rung hat erneut gezeigt, dass der deutsche \u00f6ffentlich-rechtliche Rundfunk im internationalen Vergleich mit einem Jahresbudget von 8,4 Milliarden Euro au\u00dfergew\u00f6hnlich aufgebl\u00e4ht ist. Deutschland leistet sich den teuersten Rundfunk der Welt, ohne dass dieser qualitativ besser ist. Wir sind uns alle einig, dass es \u00f6ffentliche Medien braucht, um in Zeiten von Desinformation und Echokammern verl\u00e4ssliche Informationen bereitzustellen und eine ausgewogene Meinungsvielfalt abzubilden. Andere L\u00e4nder haben uns gezeigt, dass dies auch effizienter und kosteng\u00fcnstiger geht.<\/p>\n<p>Daher setzen wir uns als FDP weiter daf\u00fcr ein, den \u00f6ffentlich-rechtlichen Rundfunk zu verschlanken und auf seinen Kernauftrag zu konzentrieren. Daf\u00fcr m\u00fcssen Doppelstrukturen abgebaut und Synergieeffekte besser genutzt werden, um Kosten zu sparen. Durch jeden Euro, den wir bei Technik und Verwaltung einsparen, kann zudem mehr Geld in das Programm flie\u00dfen. Die Zeit der Verschwendung unserer Rundfunkbeitr\u00e4ge muss vorbei sein.\u201c<\/p>\n<p>Zum Hintergrund: Bereits im November 2022 hat die FDP-Fraktion einen entsprechenden Gesetzentwurf eingebracht, den Sie unten verlinkt finden.<\/p>\n<p><strong>Hier finden Sie:<\/strong><\/p>\n<ul>\n<li><a href=\"https:\/\/www1.bayern.landtag.de\/www\/ElanTextAblage_WP18\/Drucksachen\/Basisdrucksachen\/0000015500\/0000015503.pdf\" target=\"_blank\" rel=\"noopener\">FDP-Gesetzentwurf zur \u00c4nderung des Bayerischen Rundfunk- und Mediengesetzes<\/a><\/li>\n<li><a href=\"https:\/\/www.fdpltby.de\/markwort-kontrolle-verschlankung-transparenz-rundfunk-und-medienrat-auf-neue-fuesse-stellen\">Pressemitteilung vom 15.11.2022<\/a><\/li>\n<\/ul>\n<\/div>\n","protected":false},"excerpt":{"rendered":"<p>Zur gestrigen Anh\u00f6rung zum Reformbedarf im \u00f6ffentlich-rechtlichen Rundfunk im Ausschuss f\u00fcr Wissenschaft und Kunst erkl\u00e4rt der medienpolitische Sprecher der FDP-Landtagsfraktion, Helmut Markwort: \u201eDie heutige Anh\u00f6rung hat erneut gezeigt, dass der [&#8230;]<\/p>\n","protected":false},"author":1,"featured_media":0,"comment_status":"open","ping_status":"closed","sticky":false,"template":"","format":"standard","meta":{"footnotes":""},"categories":[55],"tags":[322,2846,1263,1008],"class_list":["post-11054","post","type-post","status-publish","format-standard","hentry","category-finanzen","tag-fdp-bayern","tag-helmut-markwort","tag-rundfunkbeitrag","tag-rundfunkgebuehren"],"_links":{"self":[{"href":"https:\/\/fdp-aktiv.de\/blog\/wp-json\/wp\/v2\/posts\/11054","targetHints":{"allow":["GET"]}}],"collection":[{"href":"https:\/\/fdp-aktiv.de\/blog\/wp-json\/wp\/v2\/posts"}],"about":[{"href":"https:\/\/fdp-aktiv.de\/blog\/wp-json\/wp\/v2\/types\/post"}],"author":[{"embeddable":true,"href":"https:\/\/fdp-aktiv.de\/blog\/wp-json\/wp\/v2\/users\/1"}],"replies":[{"embeddable":true,"href":"https:\/\/fdp-aktiv.de\/blog\/wp-json\/wp\/v2\/comments?post=11054"}],"version-history":[{"count":1,"href":"https:\/\/fdp-aktiv.de\/blog\/wp-json\/wp\/v2\/posts\/11054\/revisions"}],"predecessor-version":[{"id":11055,"href":"https:\/\/fdp-aktiv.de\/blog\/wp-json\/wp\/v2\/posts\/11054\/revisions\/11055"}],"wp:attachment":[{"href":"https:\/\/fdp-aktiv.de\/blog\/wp-json\/wp\/v2\/media?parent=11054"}],"wp:term":[{"taxonomy":"category","embeddable":true,"href":"https:\/\/fdp-aktiv.de\/blog\/wp-json\/wp\/v2\/categories?post=11054"},{"taxonomy":"post_tag","embeddable":true,"href":"https:\/\/fdp-aktiv.de\/blog\/wp-json\/wp\/v2\/tags?post=11054"}],"curies":[{"name":"wp","href":"https:\/\/api.w.org\/{rel}","templated":true}]}}