{"id":11056,"date":"2023-05-11T18:35:37","date_gmt":"2023-05-11T16:35:37","guid":{"rendered":"https:\/\/fdp-aktiv.de\/blog\/?p=11056"},"modified":"2023-05-11T18:35:37","modified_gmt":"2023-05-11T16:35:37","slug":"fdp-saar-nach-fluechtlingsgipfel-mehr-geld-nur-trostpflaster","status":"publish","type":"post","link":"https:\/\/fdp-aktiv.de\/blog\/2023\/05\/11\/fdp-saar-nach-fluechtlingsgipfel-mehr-geld-nur-trostpflaster\/","title":{"rendered":"FDP Saar nach Fl\u00fcchtlingsgipfel: Mehr Geld nur Trostpflaster"},"content":{"rendered":"<div class=\"clearfix text-formatted field field--name-field-body field--type-text-long field--label-hidden field__item\">\n<p>Bund und L\u00e4nder haben im Rahmen des Fl\u00fcchtlingsgipfels eine Milliarde zus\u00e4tzlicher Gelder vom Bund vereinbart. F\u00fcr die FDP Saar reicht das nicht aus.<\/p>\n<figure id=\"attachment_5272\" aria-describedby=\"caption-attachment-5272\" style=\"width: 900px\" class=\"wp-caption aligncenter\"><a href=\"https:\/\/fdp-aktiv.de\/blog\/wp-content\/uploads\/2022\/04\/ltw12_steckbriefe_Marcel_Mucker_FDP_Kandidat100__v-sr__169__900.jpg\"><img loading=\"lazy\" decoding=\"async\" class=\"size-full wp-image-5272\" src=\"https:\/\/fdp-aktiv.de\/blog\/wp-content\/uploads\/2022\/04\/ltw12_steckbriefe_Marcel_Mucker_FDP_Kandidat100__v-sr__169__900.jpg\" alt=\"\" width=\"900\" height=\"506\" srcset=\"https:\/\/fdp-aktiv.de\/blog\/wp-content\/uploads\/2022\/04\/ltw12_steckbriefe_Marcel_Mucker_FDP_Kandidat100__v-sr__169__900.jpg 900w, https:\/\/fdp-aktiv.de\/blog\/wp-content\/uploads\/2022\/04\/ltw12_steckbriefe_Marcel_Mucker_FDP_Kandidat100__v-sr__169__900-300x169.jpg 300w, https:\/\/fdp-aktiv.de\/blog\/wp-content\/uploads\/2022\/04\/ltw12_steckbriefe_Marcel_Mucker_FDP_Kandidat100__v-sr__169__900-768x432.jpg 768w\" sizes=\"auto, (max-width: 900px) 100vw, 900px\" \/><\/a><figcaption id=\"caption-attachment-5272\" class=\"wp-caption-text\">Marcel Mucker<\/figcaption><\/figure>\n<p>\u201eDurch die zus\u00e4tzliche Milliarde werden die Probleme nur finanziert anstatt sie zu l\u00f6sen.\u00a0Bund und L\u00e4nder schieben die\u00a0Verantwortung f\u00fcr die Versorgung der Fl\u00fcchtlinge auf die Kommunen und versorgen sie mit Geld. Die zus\u00e4tzliche\u00a0Einmalzahlung hilft aber nur kurzfristig. Sobald das Geld aufgebraucht ist, stehen wir wieder an demselben Punkt. Die wirklichen Probleme werden nicht\u00a0angegangen.<\/p>\n<p>F\u00fcr eine langfristige L\u00f6sung muss bereits im Vorfeld st\u00e4rker zwischen Fl\u00fcchtlingen und Migranten aus wirtschaftlichen Gr\u00fcnden unterschieden werden. Realisierbar w\u00e4re das beispielsweise durch eine Antragsstelle f\u00fcr Asylantr\u00e4ge au\u00dferhalb des Gebietes der EU, die besonders stark personalisiert wird. Der Bund soll sich auf europ\u00e4ischer Ebene f\u00fcr eine solche gemeinsame L\u00f6sung einsetzen.<\/p>\n<p>Hier m\u00fcssen die Antr\u00e4ge in einem Blitz-Verfahren bearbeitet werden, so dass Menschen, die vor Krieg und Verfolgung fliehen, schneller Klarheit haben und sich in die Gesellschaft ihres dann zugeordneten Ziellandes integrieren k\u00f6nnen, anstatt Jahre eingesperrt in Fl\u00fcchtlingslagern von der Gesellschaft ausgeschlossen zu sein.\u00a0Menschen ohne Bleibeperspektive sollen dagegen schneller abgeschoben werden.\u201c, so Generalsekret\u00e4r Marcel Mucker.<\/p>\n<p>&nbsp;<\/p>\n<\/div>\n","protected":false},"excerpt":{"rendered":"<p>Bund und L\u00e4nder haben im Rahmen des Fl\u00fcchtlingsgipfels eine Milliarde zus\u00e4tzlicher Gelder vom Bund vereinbart. F\u00fcr die FDP Saar reicht das nicht aus. \u201eDurch die zus\u00e4tzliche Milliarde werden die Probleme [&#8230;]<\/p>\n","protected":false},"author":1,"featured_media":0,"comment_status":"open","ping_status":"closed","sticky":false,"template":"","format":"standard","meta":{"footnotes":""},"categories":[5],"tags":[708,3342,1597,693],"class_list":["post-11056","post","type-post","status-publish","format-standard","hentry","category-aussenpolitik","tag-fdp-saar","tag-fluechtlingsgipfel","tag-marcel-mucker","tag-migration"],"_links":{"self":[{"href":"https:\/\/fdp-aktiv.de\/blog\/wp-json\/wp\/v2\/posts\/11056","targetHints":{"allow":["GET"]}}],"collection":[{"href":"https:\/\/fdp-aktiv.de\/blog\/wp-json\/wp\/v2\/posts"}],"about":[{"href":"https:\/\/fdp-aktiv.de\/blog\/wp-json\/wp\/v2\/types\/post"}],"author":[{"embeddable":true,"href":"https:\/\/fdp-aktiv.de\/blog\/wp-json\/wp\/v2\/users\/1"}],"replies":[{"embeddable":true,"href":"https:\/\/fdp-aktiv.de\/blog\/wp-json\/wp\/v2\/comments?post=11056"}],"version-history":[{"count":1,"href":"https:\/\/fdp-aktiv.de\/blog\/wp-json\/wp\/v2\/posts\/11056\/revisions"}],"predecessor-version":[{"id":11059,"href":"https:\/\/fdp-aktiv.de\/blog\/wp-json\/wp\/v2\/posts\/11056\/revisions\/11059"}],"wp:attachment":[{"href":"https:\/\/fdp-aktiv.de\/blog\/wp-json\/wp\/v2\/media?parent=11056"}],"wp:term":[{"taxonomy":"category","embeddable":true,"href":"https:\/\/fdp-aktiv.de\/blog\/wp-json\/wp\/v2\/categories?post=11056"},{"taxonomy":"post_tag","embeddable":true,"href":"https:\/\/fdp-aktiv.de\/blog\/wp-json\/wp\/v2\/tags?post=11056"}],"curies":[{"name":"wp","href":"https:\/\/api.w.org\/{rel}","templated":true}]}}