{"id":11063,"date":"2023-05-11T19:05:47","date_gmt":"2023-05-11T17:05:47","guid":{"rendered":"https:\/\/fdp-aktiv.de\/blog\/?p=11063"},"modified":"2023-05-11T19:05:47","modified_gmt":"2023-05-11T17:05:47","slug":"berlinlindemann-zur-heutigen-debatte-im-abgeordnetenhaus-ueber-den-polizeieinsatz-am-1-mai-in-berlin","status":"publish","type":"post","link":"https:\/\/fdp-aktiv.de\/blog\/2023\/05\/11\/berlinlindemann-zur-heutigen-debatte-im-abgeordnetenhaus-ueber-den-polizeieinsatz-am-1-mai-in-berlin\/","title":{"rendered":"BERLIN:Lindemann zur heutigen Debatte im Abgeordnetenhaus \u00fcber den Polizeieinsatz am 1. Mai in Berlin"},"content":{"rendered":"<figure id=\"attachment_10345\" aria-describedby=\"caption-attachment-10345\" style=\"width: 800px\" class=\"wp-caption aligncenter\"><a href=\"https:\/\/fdp-aktiv.de\/blog\/wp-content\/uploads\/2023\/03\/LL_05237-min-scaled.jpg\"><img loading=\"lazy\" decoding=\"async\" class=\"size-large wp-image-10345\" src=\"https:\/\/fdp-aktiv.de\/blog\/wp-content\/uploads\/2023\/03\/LL_05237-min-1024x683.jpg\" alt=\"Lars Lindemann\" width=\"800\" height=\"534\" srcset=\"https:\/\/fdp-aktiv.de\/blog\/wp-content\/uploads\/2023\/03\/LL_05237-min-1024x683.jpg 1024w, https:\/\/fdp-aktiv.de\/blog\/wp-content\/uploads\/2023\/03\/LL_05237-min-300x200.jpg 300w, https:\/\/fdp-aktiv.de\/blog\/wp-content\/uploads\/2023\/03\/LL_05237-min-768x512.jpg 768w, https:\/\/fdp-aktiv.de\/blog\/wp-content\/uploads\/2023\/03\/LL_05237-min-1536x1025.jpg 1536w, https:\/\/fdp-aktiv.de\/blog\/wp-content\/uploads\/2023\/03\/LL_05237-min-2048x1366.jpg 2048w\" sizes=\"auto, (max-width: 800px) 100vw, 800px\" \/><\/a><figcaption id=\"caption-attachment-10345\" class=\"wp-caption-text\">Lars Lindemann<\/figcaption><\/figure>\n<p>\u201eDer hervorragenden Arbeit der Beamtinnen und Beamten ist es zu verdanken, dass der 1. Mai so friedlich geblieben ist. Aber ein 1. Mai mit 6000 Einsatzkr\u00e4ften in Berlin ist sicher keine Normalit\u00e4t. Zumindest ist es keine Realit\u00e4t f\u00fcr die man sich selbst so abfeiern kann wie Schwarz-Rot sich hier auf die Schulter klopft. Berlin muss es in Zukunft durch pr\u00e4ventive und auch repressive Ma\u00dfnahmen selbst schaffen, diese Art von Demonstrationen und Menschenansammlungen zu beherrschen. Die st\u00e4ndige Unterst\u00fctzung von Beamtinnen und Beamten aus anderen Bundesl\u00e4ndern muss die absolute Ausnahme bleiben. Darum muss der Berliner Senat unverz\u00fcglich anfangen, das Berufsbild des Polizeibeamten attraktiver zu machen. Bessere Ausstattung, bessere Bezahlung und auch die Vereinbarkeit von Familie und Beruf sollten angegangen werden. Dies schafft mehr Personalressourcen f\u00fcr die Berliner Polizei. Darauf sollte sich der Senat konzentrieren und nicht die Scheindebatte \u00fcber einen friedlichen 1. Mai forcieren.\u201c<\/p>\n","protected":false},"excerpt":{"rendered":"<p>\u201eDer hervorragenden Arbeit der Beamtinnen und Beamten ist es zu verdanken, dass der 1. Mai so friedlich geblieben ist. Aber ein 1. Mai mit 6000 Einsatzkr\u00e4ften in Berlin ist sicher [&#8230;]<\/p>\n","protected":false},"author":1,"featured_media":0,"comment_status":"open","ping_status":"closed","sticky":false,"template":"","format":"standard","meta":{"footnotes":""},"categories":[536],"tags":[706,3242,816],"class_list":["post-11063","post","type-post","status-publish","format-standard","hentry","category-sicherheit","tag-fdp-berlin","tag-lars-lindemann","tag-polizei"],"_links":{"self":[{"href":"https:\/\/fdp-aktiv.de\/blog\/wp-json\/wp\/v2\/posts\/11063","targetHints":{"allow":["GET"]}}],"collection":[{"href":"https:\/\/fdp-aktiv.de\/blog\/wp-json\/wp\/v2\/posts"}],"about":[{"href":"https:\/\/fdp-aktiv.de\/blog\/wp-json\/wp\/v2\/types\/post"}],"author":[{"embeddable":true,"href":"https:\/\/fdp-aktiv.de\/blog\/wp-json\/wp\/v2\/users\/1"}],"replies":[{"embeddable":true,"href":"https:\/\/fdp-aktiv.de\/blog\/wp-json\/wp\/v2\/comments?post=11063"}],"version-history":[{"count":1,"href":"https:\/\/fdp-aktiv.de\/blog\/wp-json\/wp\/v2\/posts\/11063\/revisions"}],"predecessor-version":[{"id":11064,"href":"https:\/\/fdp-aktiv.de\/blog\/wp-json\/wp\/v2\/posts\/11063\/revisions\/11064"}],"wp:attachment":[{"href":"https:\/\/fdp-aktiv.de\/blog\/wp-json\/wp\/v2\/media?parent=11063"}],"wp:term":[{"taxonomy":"category","embeddable":true,"href":"https:\/\/fdp-aktiv.de\/blog\/wp-json\/wp\/v2\/categories?post=11063"},{"taxonomy":"post_tag","embeddable":true,"href":"https:\/\/fdp-aktiv.de\/blog\/wp-json\/wp\/v2\/tags?post=11063"}],"curies":[{"name":"wp","href":"https:\/\/api.w.org\/{rel}","templated":true}]}}