{"id":11065,"date":"2023-05-11T19:13:11","date_gmt":"2023-05-11T17:13:11","guid":{"rendered":"https:\/\/fdp-aktiv.de\/blog\/?p=11065"},"modified":"2023-05-11T19:13:56","modified_gmt":"2023-05-11T17:13:56","slug":"duin-laeden-laenger-oeffnen-semmeltaste-einfuehren-gebt-dem-einzelhandel-luft-zum-atmen","status":"publish","type":"post","link":"https:\/\/fdp-aktiv.de\/blog\/2023\/05\/11\/duin-laeden-laenger-oeffnen-semmeltaste-einfuehren-gebt-dem-einzelhandel-luft-zum-atmen\/","title":{"rendered":"DUIN: L\u00e4den l\u00e4nger \u00f6ffnen, Semmeltaste einf\u00fchren &#8211; Gebt dem Einzelhandel Luft zum Atmen!"},"content":{"rendered":"<div class=\"clearfix text-formatted field field--name-body field--type-text-with-summary field--label-hidden field__item\">\n<p>Die FDP-Fraktion hat zur 145. Plenarsitzung einen Dringlichkeitsantrag eingereicht, der die Liberalisierung der Laden\u00f6ffnungszeiten* fordert. Dazu der wirtschaftspolitische Sprecher, <strong>Albert Duin<\/strong>:<\/p>\n<figure id=\"attachment_4398\" aria-describedby=\"caption-attachment-4398\" style=\"width: 840px\" class=\"wp-caption aligncenter\"><a href=\"https:\/\/fdp-aktiv.de\/blog\/wp-content\/uploads\/2022\/02\/Albert_Duin_38604_2.jpg\"><img loading=\"lazy\" decoding=\"async\" class=\"size-full wp-image-4398\" src=\"https:\/\/fdp-aktiv.de\/blog\/wp-content\/uploads\/2022\/02\/Albert_Duin_38604_2.jpg\" alt=\"Albert Duin\" width=\"840\" height=\"472\" srcset=\"https:\/\/fdp-aktiv.de\/blog\/wp-content\/uploads\/2022\/02\/Albert_Duin_38604_2.jpg 840w, https:\/\/fdp-aktiv.de\/blog\/wp-content\/uploads\/2022\/02\/Albert_Duin_38604_2-300x169.jpg 300w, https:\/\/fdp-aktiv.de\/blog\/wp-content\/uploads\/2022\/02\/Albert_Duin_38604_2-768x432.jpg 768w\" sizes=\"auto, (max-width: 840px) 100vw, 840px\" \/><\/a><figcaption id=\"caption-attachment-4398\" class=\"wp-caption-text\">Albert Duin<\/figcaption><\/figure>\n<p>\u201eWir m\u00fcssen endlich an die Laden\u00f6ffnungszeiten ran. Bayern ist das einzige Bundesland, das im Vorgestern verharrt, wenn es ums Einkaufen geht. W\u00e4hrend man im Rest Deutschlands weit nach 20 Uhr noch schnell Besorgungen erledigen kann, m\u00fcssen sich Bayerns B\u00fcrger streng an Uralt-Vorgaben halten. Gl\u00fcck hat nur, wer in einer Gro\u00dfstadt wie M\u00fcnchen lebt. Dort kann wenigstens per Lieferdienst noch nach 20 Uhr eingekauft werden. Und da liegt auch die Krux: Der Online-Handel darf, w\u00e4hrend der Einzelhandel in die R\u00f6hre schaut. Das ist unfair.<\/p>\n<p>Die Zahl der L\u00e4den schrumpft, die Innenst\u00e4dte ver\u00f6den. Wir k\u00f6nnen dabei nicht l\u00e4nger tatenlos zusehen. Gebt dem Einzelhandel endlich Luft zum Atmen! Es ist h\u00f6chste Zeit f\u00fcr die Liberalisierung der Laden\u00f6ffnungszeiten an Werktagen sowie f\u00fcr den Erhalt von Parkraum.<\/p>\n<p>Die Staatsregierung sollte auch f\u00fcr eine sogenannte Semmel-Taste werben. Diese w\u00fcrde kostenfreies Kurzparken erlauben, was vor allem \u00e4lteren Menschen Kurzeink\u00e4ufe erleichtern w\u00fcrde und damit mehr soziale Teilhabe erm\u00f6glicht.<\/p>\n<p>Der Einzelhandel leidet bereits unter zahlreichen Herausforderungen wie sinkenden Unternehmenszahlen, negativem Gesch\u00e4ftsklima und steigenden Kosten. Die staatliche Unterst\u00fctzung ist dringend erforderlich, um Gesch\u00e4ftsschlie\u00dfungen, Leerst\u00e4nde und Versorgungsl\u00fccken zu verhindern. Es liegt in der Verantwortung des Staates, gute Rahmenbedingungen f\u00fcr einen florierenden Einzelhandel in Bayern zu schaffen.\u201c<\/p>\n<p>* Der bayerische Einzelhandel setzt j\u00e4hrlich \u00fcber 70 Milliarden Euro um und hat rund 330.000 Besch\u00e4ftigte. Er ist damit ein Konjunkturmotor und nach Industrie und Handwerk der drittgr\u00f6\u00dfte Wirtschaftszweig. Der station\u00e4re Handel ist f\u00fcr Bayerns B\u00fcrgerinnen und B\u00fcrger ein St\u00fcck Heimat: Er ist wichtiger Begegnungspunkt, unkomplizierter Versorger vor Ort und steht gerade in den Innenst\u00e4dten und Ortskernen f\u00fcr Lebensqualit\u00e4t. Die Rahmenbedingungen f\u00fcr den Einzelhandel verschlechtern sich allerdings seit Jahren.<\/p>\n<p><strong>Hier finden Sie:<\/strong><\/p>\n<ul>\n<li>den Dringlichkeitsantrag\u00a0<a href=\"https:\/\/www.fdpltby.de\/sites\/default\/files\/resolutions\/2023-05\/DA_%20Bayern%20braucht%20einen%20starken%20Einzelhandel%20und%20lebendige%20Innenst%C3%A4dte%20und%20Ortskerne-v8-20230510_145136.pdf\" target=\"_blank\" rel=\"noopener\">Bayern braucht einen starken Einzelhandel und lebendige Innenst\u00e4dte und Ortskerne<\/a><\/li>\n<\/ul>\n<\/div>\n","protected":false},"excerpt":{"rendered":"<p>Die FDP-Fraktion hat zur 145. Plenarsitzung einen Dringlichkeitsantrag eingereicht, der die Liberalisierung der Laden\u00f6ffnungszeiten* fordert. Dazu der wirtschaftspolitische Sprecher, Albert Duin: \u201eWir m\u00fcssen endlich an die Laden\u00f6ffnungszeiten ran. Bayern ist [&#8230;]<\/p>\n","protected":false},"author":1,"featured_media":0,"comment_status":"open","ping_status":"closed","sticky":false,"template":"","format":"standard","meta":{"footnotes":""},"categories":[8],"tags":[1976,2871,961,322,3383],"class_list":["post-11065","post","type-post","status-publish","format-standard","hentry","category-wirtschaft","tag-albert-duin","tag-dringlichkeitsantrag","tag-einzelhandel","tag-fdp-bayern","tag-ladenoeffnungszeiten"],"_links":{"self":[{"href":"https:\/\/fdp-aktiv.de\/blog\/wp-json\/wp\/v2\/posts\/11065","targetHints":{"allow":["GET"]}}],"collection":[{"href":"https:\/\/fdp-aktiv.de\/blog\/wp-json\/wp\/v2\/posts"}],"about":[{"href":"https:\/\/fdp-aktiv.de\/blog\/wp-json\/wp\/v2\/types\/post"}],"author":[{"embeddable":true,"href":"https:\/\/fdp-aktiv.de\/blog\/wp-json\/wp\/v2\/users\/1"}],"replies":[{"embeddable":true,"href":"https:\/\/fdp-aktiv.de\/blog\/wp-json\/wp\/v2\/comments?post=11065"}],"version-history":[{"count":2,"href":"https:\/\/fdp-aktiv.de\/blog\/wp-json\/wp\/v2\/posts\/11065\/revisions"}],"predecessor-version":[{"id":11067,"href":"https:\/\/fdp-aktiv.de\/blog\/wp-json\/wp\/v2\/posts\/11065\/revisions\/11067"}],"wp:attachment":[{"href":"https:\/\/fdp-aktiv.de\/blog\/wp-json\/wp\/v2\/media?parent=11065"}],"wp:term":[{"taxonomy":"category","embeddable":true,"href":"https:\/\/fdp-aktiv.de\/blog\/wp-json\/wp\/v2\/categories?post=11065"},{"taxonomy":"post_tag","embeddable":true,"href":"https:\/\/fdp-aktiv.de\/blog\/wp-json\/wp\/v2\/tags?post=11065"}],"curies":[{"name":"wp","href":"https:\/\/api.w.org\/{rel}","templated":true}]}}