{"id":11077,"date":"2023-05-14T12:33:39","date_gmt":"2023-05-14T10:33:39","guid":{"rendered":"https:\/\/fdp-aktiv.de\/blog\/?p=11077"},"modified":"2023-05-14T12:33:39","modified_gmt":"2023-05-14T10:33:39","slug":"baden-wuerttemberg-bonath-cdu-bei-verbotsverhinderung-in-verantwortung","status":"publish","type":"post","link":"https:\/\/fdp-aktiv.de\/blog\/2023\/05\/14\/baden-wuerttemberg-bonath-cdu-bei-verbotsverhinderung-in-verantwortung\/","title":{"rendered":"Baden-W\u00fcrttemberg &#8211; Bonath: CDU bei Verbotsverhinderung in Verantwortung"},"content":{"rendered":"<p>Glaubw\u00fcrdigkeit der CDU steht im Bundesrat auf dem Spiel<\/p>\n<figure id=\"attachment_4031\" aria-describedby=\"caption-attachment-4031\" style=\"width: 800px\" class=\"wp-caption aligncenter\"><a href=\"https:\/\/fdp-aktiv.de\/blog\/wp-content\/uploads\/2022\/01\/Web_bonath_0293_final.jpg\"><img loading=\"lazy\" decoding=\"async\" class=\"size-large wp-image-4031\" src=\"https:\/\/fdp-aktiv.de\/blog\/wp-content\/uploads\/2022\/01\/Web_bonath_0293_final-1024x682.jpg\" alt=\"\" width=\"800\" height=\"533\" srcset=\"https:\/\/fdp-aktiv.de\/blog\/wp-content\/uploads\/2022\/01\/Web_bonath_0293_final-1024x682.jpg 1024w, https:\/\/fdp-aktiv.de\/blog\/wp-content\/uploads\/2022\/01\/Web_bonath_0293_final-300x200.jpg 300w, https:\/\/fdp-aktiv.de\/blog\/wp-content\/uploads\/2022\/01\/Web_bonath_0293_final-768x512.jpg 768w, https:\/\/fdp-aktiv.de\/blog\/wp-content\/uploads\/2022\/01\/Web_bonath_0293_final-1536x1024.jpg 1536w, https:\/\/fdp-aktiv.de\/blog\/wp-content\/uploads\/2022\/01\/Web_bonath_0293_final.jpg 2000w\" sizes=\"auto, (max-width: 800px) 100vw, 800px\" \/><\/a><figcaption id=\"caption-attachment-4031\" class=\"wp-caption-text\">Frank Bonath<\/figcaption><\/figure>\n<p>Im Vorfeld zur morgigen Bundesratssitzung, auf der mehrere Versch\u00e4rfungen des umstrittenen Geb\u00e4udeenergiegesetzes auf der Tagesordnung stehen, sagte der energiepolitische Sprecher der FDP\/DVP-Fraktion, <strong>Frank Bonath<\/strong>:<\/p>\n<p>&nbsp;<\/p>\n<p>\u201eIn Bund und Land haben wir Freie Demokraten uns offen gegen ein gr\u00fcnes Heizungsverbot ausgesprochen. Auch in seiner jetzigen Gestalt ist das Geb\u00e4udeenergiegesetz eine unzumutbare Belastung. Umfassende \u00c4nderungen sind n\u00f6tig und m\u00fcssen im weiteren Verfahren vorgenommen werden. F\u00fcr uns Freie Demokraten ist dabei klar: Verbote verhindern Fortschritt. F\u00fcr die Millionen \u00d6l- und Gaskunden im Land wollen wir einen aufwandsarmen Umstieg auf klimaneutrale Brennstoffe m\u00f6glich machen.<\/p>\n<p>&nbsp;<\/p>\n<p>Bis zum Sommer soll das Geb\u00e4udeenergiegesetz in den Bundestag eingebracht werden. Schon morgen werden im Bundesrat mehrere Versch\u00e4rfungen diskutiert. Heizungsverbote sollen fr\u00fcher greifen, den L\u00e4ndern weitere Eingriffe in die W\u00e4rmeversorgung erm\u00f6glicht werden. Die CDU, die auch im Landtag von Baden-W\u00fcrttemberg immer wieder scharfe Kritik an den Verbotspl\u00e4nen der Gr\u00fcnen ge\u00e4u\u00dfert hat, steht nun in der Verantwortung. Ihr Abstimmungsverhalten im Bundesrat wird entscheiden, welchen Weg das Geb\u00e4udeenergiegesetz im weiteren parlamentarischen Verfahren einschlagen wird. Eine glaubw\u00fcrdige CDU w\u00fcrde eine Versch\u00e4rfung des Geb\u00e4udeenergiegesetzes entschieden ablehnen. Eine glaubw\u00fcrdige CDU w\u00fcrde Worten Taten folgen lassen und im Bundesrat f\u00fcr eine technologieoffene Transformation in der W\u00e4rmeversorgung werben. F\u00fcr die CDU entscheidet sich morgen ihre Glaubw\u00fcrdigkeit. F\u00fcr die B\u00fcrgerinnen und B\u00fcrger entscheidet sich morgen der weitere Gang des Geb\u00e4udeenergiegesetzes.\u201c<\/p>\n<p>&nbsp;<\/p>\n<p>&nbsp;<\/p>\n<p><strong>Dr. Jan Havlik<\/strong><\/p>\n","protected":false},"excerpt":{"rendered":"<p>Glaubw\u00fcrdigkeit der CDU steht im Bundesrat auf dem Spiel Im Vorfeld zur morgigen Bundesratssitzung, auf der mehrere Versch\u00e4rfungen des umstrittenen Geb\u00e4udeenergiegesetzes auf der Tagesordnung stehen, sagte der energiepolitische Sprecher der [&#8230;]<\/p>\n","protected":false},"author":1,"featured_media":0,"comment_status":"open","ping_status":"closed","sticky":false,"template":"","format":"standard","meta":{"footnotes":""},"categories":[1979,207],"tags":[650,1518,3374],"class_list":["post-11077","post","type-post","status-publish","format-standard","hentry","category-energie","category-familie-wohnen","tag-fdp-dvp","tag-frank-bonath","tag-gebaeudeenergiegesetz"],"_links":{"self":[{"href":"https:\/\/fdp-aktiv.de\/blog\/wp-json\/wp\/v2\/posts\/11077","targetHints":{"allow":["GET"]}}],"collection":[{"href":"https:\/\/fdp-aktiv.de\/blog\/wp-json\/wp\/v2\/posts"}],"about":[{"href":"https:\/\/fdp-aktiv.de\/blog\/wp-json\/wp\/v2\/types\/post"}],"author":[{"embeddable":true,"href":"https:\/\/fdp-aktiv.de\/blog\/wp-json\/wp\/v2\/users\/1"}],"replies":[{"embeddable":true,"href":"https:\/\/fdp-aktiv.de\/blog\/wp-json\/wp\/v2\/comments?post=11077"}],"version-history":[{"count":1,"href":"https:\/\/fdp-aktiv.de\/blog\/wp-json\/wp\/v2\/posts\/11077\/revisions"}],"predecessor-version":[{"id":11082,"href":"https:\/\/fdp-aktiv.de\/blog\/wp-json\/wp\/v2\/posts\/11077\/revisions\/11082"}],"wp:attachment":[{"href":"https:\/\/fdp-aktiv.de\/blog\/wp-json\/wp\/v2\/media?parent=11077"}],"wp:term":[{"taxonomy":"category","embeddable":true,"href":"https:\/\/fdp-aktiv.de\/blog\/wp-json\/wp\/v2\/categories?post=11077"},{"taxonomy":"post_tag","embeddable":true,"href":"https:\/\/fdp-aktiv.de\/blog\/wp-json\/wp\/v2\/tags?post=11077"}],"curies":[{"name":"wp","href":"https:\/\/api.w.org\/{rel}","templated":true}]}}