{"id":11108,"date":"2023-05-15T09:56:00","date_gmt":"2023-05-15T07:56:00","guid":{"rendered":"https:\/\/fdp-aktiv.de\/blog\/?p=11108"},"modified":"2023-05-15T09:56:00","modified_gmt":"2023-05-15T07:56:00","slug":"hessen-rock-schwarz-gruener-gesetzentwurf-gefaehrdet-die-fruehkindliche-bildung","status":"publish","type":"post","link":"https:\/\/fdp-aktiv.de\/blog\/2023\/05\/15\/hessen-rock-schwarz-gruener-gesetzentwurf-gefaehrdet-die-fruehkindliche-bildung\/","title":{"rendered":"Hessen &#8211; ROCK: Schwarz-gr\u00fcner Gesetzentwurf gef\u00e4hrdet die fr\u00fchkindliche Bildung"},"content":{"rendered":"<div class=\"clearfix text-formatted field field--name-body field--type-text-with-summary field--label-hidden field__item\">\n<ul>\n<li><strong>Koalition will Standards f\u00fcr Kita-Personal absenken<\/strong><\/li>\n<li><strong>Fachkr\u00e4ftemangel besser mit Aufstiegsm\u00f6glichkeiten begegnen<\/strong><\/li>\n<li><strong>Lobende Worte zum Tag der Kinderbetreuung reichen nicht aus<\/strong><\/li>\n<\/ul>\n<figure id=\"attachment_1137\" aria-describedby=\"caption-attachment-1137\" style=\"width: 800px\" class=\"wp-caption aligncenter\"><a href=\"https:\/\/fdp-aktiv.de\/blog\/wp-content\/uploads\/2021\/04\/Rene_Rock.jpg\"><img loading=\"lazy\" decoding=\"async\" class=\"size-large wp-image-1137\" src=\"https:\/\/fdp-aktiv.de\/blog\/wp-content\/uploads\/2021\/04\/Rene_Rock-1024x684.jpg\" alt=\"Rene Rock\" width=\"800\" height=\"534\" srcset=\"https:\/\/fdp-aktiv.de\/blog\/wp-content\/uploads\/2021\/04\/Rene_Rock-1024x684.jpg 1024w, https:\/\/fdp-aktiv.de\/blog\/wp-content\/uploads\/2021\/04\/Rene_Rock-300x200.jpg 300w, https:\/\/fdp-aktiv.de\/blog\/wp-content\/uploads\/2021\/04\/Rene_Rock-768x513.jpg 768w, https:\/\/fdp-aktiv.de\/blog\/wp-content\/uploads\/2021\/04\/Rene_Rock.jpg 1400w\" sizes=\"auto, (max-width: 800px) 100vw, 800px\" \/><\/a><figcaption id=\"caption-attachment-1137\" class=\"wp-caption-text\">Rene Rock<\/figcaption><\/figure>\n<p>\u201eDie\u00a0fr\u00fchkindliche Bildung ist in Gefahr!\u201c Zu diesem Schluss kommt Ren\u00e9 ROCK, Fraktionsvorsitzender der Freien Demokraten im Hessischen Landtag, nachdem er den j\u00fcngsten Gesetzentwurf der schwarz-gr\u00fcnen Koalition zum Fachkr\u00e4ftemangel in Kindertagesst\u00e4tten gelesen hat. \u201eW\u00e4hrend anl\u00e4sslich des Tages der Kinderbetreuung am 15. Mai zurecht wieder die Bedeutung der p\u00e4dagogischen Arbeit in Kitas betont wird, schl\u00e4gt Schwarz-Gr\u00fcn vor, noch mehr fachfremdes Personal zuzulassen. Das passt nicht zusammen. Denn noch viel wichtiger als lobende Worte ist f\u00fcr die Erzieherinnen und Erzieher, dass sie in einem im Bereich der fr\u00fchen Bildung qualifizierten Team arbeiten und ihre Arbeit somit auch faktisch wertgesch\u00e4tzt wird. Wenn der Beruf schleichend entwertet wird, geht das nicht nur zu Lasten der gut ausgebildeten Erzieherinnen, sondern auch zu Lasten der Kinder. Schlie\u00dflich ist eine Kita mehr als eine Betreuungseinrichtung, sie ist eine Bildungseinrichtung\u201c, erkl\u00e4rt Rock, der auch Fachsprecher seiner Fraktion f\u00fcr fr\u00fchkindliche Bildung ist.<\/p>\n<p>Der Gesetzentwurf von CDU und Gr\u00fcnen (Drs. 20\/10884) soll in diesem Monat in erster Lesung im Landtag beraten werden. Mit diesem \u00f6ffnet Schwarz-Gr\u00fcn den sogenannten Fachkr\u00e4ftekatalog weiter, um so dem Fachkr\u00e4ftemangel zu begegnen. \u201eNicht nur, dass k\u00fcnftig 25 statt wie bislang 15 Prozent des Personals ohne p\u00e4dagogische Ausbildung im Bereich der fr\u00fchen Bildung sein d\u00fcrfen:\u00a0 Dazu sollen noch die Bildungsstandards f\u00fcr diese Kr\u00e4fte gesenkt werden. De facto kann k\u00fcnftig nahezu jeder mit einer abgeschlossenen Berufsausbildung \u2013 egal in welchem Bereich \u2013 mit der Auflage, innerhalb von zwei Jahren eine Fortbildung zu absolvieren, und wenig Praxiserfahrung in der Bildung in einer Kita arbeiten. Diese sogenannten Fachkr\u00e4fte zur Mitarbeit ersetzen k\u00fcnftig Erzieherinnen und Erzieher mit einer f\u00fcnfj\u00e4hrigen Ausbildung. Das w\u00e4re ein gewaltiger R\u00fcckschritt in der fr\u00fchkindlichen Bildungsarbeit\u201c, kritisiert Rock.<\/p>\n<p>Er erg\u00e4nzt: \u201eDauerhaft Standards abzusenken ist der falsche Weg, um dem Fachkr\u00e4ftemangel zu begegnen. Der richtige Weg ist es nach \u00dcberzeugung von uns Freien Demokraten, Aufstiegsm\u00f6glichkeiten und bessere Verdienstm\u00f6glichkeiten f\u00fcr h\u00f6her qualifizierte Kr\u00e4fte zu schaffen.\u201c Bisher lohne es sich f\u00fcr Fachkr\u00e4fte finanziell oft nicht, nach einer Weiterqualifizierung in eine Kindertagesst\u00e4tte, vor allem in den Gruppendienst, zur\u00fcckzukehren. \u201eFalls der Fachkr\u00e4ftemangel es doch n\u00f6tig macht, nicht-p\u00e4dagogische Fachkr\u00e4fte einzustellen, m\u00fcssen diese Seiteneinsteiger richtig nachqualifiziert werden, und sie d\u00fcrfen nur nach erreichter Qualifikation auf die Mindeststandards angerechnet werden. Es ist erschreckend, wie leichtfertig diese Landesregierung mit der Zukunft unserer Kinder umgeht.\u201c<\/p>\n<\/div>\n","protected":false},"excerpt":{"rendered":"<p>Koalition will Standards f\u00fcr Kita-Personal absenken Fachkr\u00e4ftemangel besser mit Aufstiegsm\u00f6glichkeiten begegnen Lobende Worte zum Tag der Kinderbetreuung reichen nicht aus \u201eDie\u00a0fr\u00fchkindliche Bildung ist in Gefahr!\u201c Zu diesem Schluss kommt Ren\u00e9 [&#8230;]<\/p>\n","protected":false},"author":1,"featured_media":0,"comment_status":"open","ping_status":"closed","sticky":false,"template":"","format":"standard","meta":{"footnotes":""},"categories":[34],"tags":[635,382,634],"class_list":["post-11108","post","type-post","status-publish","format-standard","hentry","category-bildung","tag-fdp-hessen","tag-kita","tag-rene-rock"],"_links":{"self":[{"href":"https:\/\/fdp-aktiv.de\/blog\/wp-json\/wp\/v2\/posts\/11108","targetHints":{"allow":["GET"]}}],"collection":[{"href":"https:\/\/fdp-aktiv.de\/blog\/wp-json\/wp\/v2\/posts"}],"about":[{"href":"https:\/\/fdp-aktiv.de\/blog\/wp-json\/wp\/v2\/types\/post"}],"author":[{"embeddable":true,"href":"https:\/\/fdp-aktiv.de\/blog\/wp-json\/wp\/v2\/users\/1"}],"replies":[{"embeddable":true,"href":"https:\/\/fdp-aktiv.de\/blog\/wp-json\/wp\/v2\/comments?post=11108"}],"version-history":[{"count":1,"href":"https:\/\/fdp-aktiv.de\/blog\/wp-json\/wp\/v2\/posts\/11108\/revisions"}],"predecessor-version":[{"id":11113,"href":"https:\/\/fdp-aktiv.de\/blog\/wp-json\/wp\/v2\/posts\/11108\/revisions\/11113"}],"wp:attachment":[{"href":"https:\/\/fdp-aktiv.de\/blog\/wp-json\/wp\/v2\/media?parent=11108"}],"wp:term":[{"taxonomy":"category","embeddable":true,"href":"https:\/\/fdp-aktiv.de\/blog\/wp-json\/wp\/v2\/categories?post=11108"},{"taxonomy":"post_tag","embeddable":true,"href":"https:\/\/fdp-aktiv.de\/blog\/wp-json\/wp\/v2\/tags?post=11108"}],"curies":[{"name":"wp","href":"https:\/\/api.w.org\/{rel}","templated":true}]}}