{"id":11110,"date":"2023-05-15T10:46:58","date_gmt":"2023-05-15T08:46:58","guid":{"rendered":"https:\/\/fdp-aktiv.de\/blog\/?p=11110"},"modified":"2023-05-15T10:46:58","modified_gmt":"2023-05-15T08:46:58","slug":"verantwortung-fuer-migration-gehoert-zurueck-ins-thueringer-innenministerium","status":"publish","type":"post","link":"https:\/\/fdp-aktiv.de\/blog\/2023\/05\/15\/verantwortung-fuer-migration-gehoert-zurueck-ins-thueringer-innenministerium\/","title":{"rendered":"Verantwortung f\u00fcr Migration geh\u00f6rt zur\u00fcck ins Th\u00fcringer Innenministerium"},"content":{"rendered":"<div class=\"clearfix text-formatted field field--name-body field--type-text-with-summary field--label-hidden field__item\">\n<p><strong>Thomas L. Kemmerich \u00fcber geplantes Landesamt: Unser Land braucht keinen weiteren Wasserkopf, sondern effektive Abschiebungen<\/strong><\/p>\n<figure id=\"attachment_1115\" aria-describedby=\"caption-attachment-1115\" style=\"width: 790px\" class=\"wp-caption aligncenter\"><a href=\"https:\/\/fdp-aktiv.de\/blog\/wp-content\/uploads\/2021\/04\/Thoms-Kemmerich.jpg\"><img loading=\"lazy\" decoding=\"async\" class=\"size-full wp-image-1115\" src=\"https:\/\/fdp-aktiv.de\/blog\/wp-content\/uploads\/2021\/04\/Thoms-Kemmerich.jpg\" alt=\"Thomas L. Kemmerich\" width=\"790\" height=\"700\" srcset=\"https:\/\/fdp-aktiv.de\/blog\/wp-content\/uploads\/2021\/04\/Thoms-Kemmerich.jpg 790w, https:\/\/fdp-aktiv.de\/blog\/wp-content\/uploads\/2021\/04\/Thoms-Kemmerich-300x266.jpg 300w, https:\/\/fdp-aktiv.de\/blog\/wp-content\/uploads\/2021\/04\/Thoms-Kemmerich-768x681.jpg 768w\" sizes=\"auto, (max-width: 790px) 100vw, 790px\" \/><\/a><figcaption id=\"caption-attachment-1115\" class=\"wp-caption-text\">Thomas L. Kemmerich<\/figcaption><\/figure>\n<p>Die Zust\u00e4ndigkeit f\u00fcr Migrationsthemen in Th\u00fcringen soll wieder im Innenministerium angesiedelt werden, ganz so, wie es in den anderen Bundesl\u00e4ndern der Fall ist. Das fordert die FDP im Th\u00fcringer Landtag. Die Pl\u00e4ne der Minderheitsregierung, ein Landesamt f\u00fcr Migration einzurichten, erachtet die FDP als nicht zielf\u00fchrend. Statt einen Millionenbetrag in ein solches Amt zu stecken, sollte das Geld zur L\u00f6sung der unmittelbaren Aufgaben an die Kommunen weitergereicht werden.<\/p>\n<p>\u201eWieder einmal ersch\u00f6pft sich rot-rot-gr\u00fcne Gestaltungskraft in Symbolpolitik. Ein zus\u00e4tzliches Landesamt schafft lediglich einen Wasserkopf mit einem hochdotierten Versorgungsposten an der Spitze, l\u00f6st aber nicht die grunds\u00e4tzlichen Probleme. Diese gr\u00fcnden vor allem in gravierenden migrationspolitischen Fehlern von Rot-Rot-Gr\u00fcn\u201c, erkl\u00e4rt Thomas L. Kemmerich. Der Sprecher der FDP verweist darauf, dass inzwischen sogar Th\u00fcringer Ausl\u00e4nderbeh\u00f6rden \u00f6ffentlich beklagen, dass die Landesregierung immer wieder Abschiebungen aushebelt. \u201eDas ist ein Skandal ohnegleichen. Die massiven Probleme der Kommunen bei der Unterbringung wurzeln nicht zuletzt darin, dass R2G nicht konsequent f\u00fcr die Abschiebung all jener Menschen sorgt, bei denen rechtsstaatlich die Ausreisepflicht festgestellt wurde. Das Schaffen einer zentralen Abschiebehaft ist wichtiger als ein Amt, dass die rot-rot-gr\u00fcne Misswirtschaft verwaltet.\u201c<\/p>\n<p>Ohnehin beschreitet Th\u00fcringens Regierung bislang einen wenig erfolgreichen Sonderweg. \u201eMigration geh\u00f6rt ins Innenministerium, ganz so, wie das im Bund und in den anderen L\u00e4ndern der Fall ist\u201c, so Kemmerich. \u201eDass diese Aufgabe in Th\u00fcringen aus dem Innenbereich herausgel\u00f6st wurde, war und ist ein Zugest\u00e4ndnis von Linken und SPD an die Gr\u00fcnen. Seither sind alle daf\u00fcr zust\u00e4ndigen Minister der Gr\u00fcnen gescheitert. Sie wissen zwar immer genau, was der Rest der Gesellschaft zu tun hat, aber sie selbst sind beim \u00c4rmelhochkrempeln heillos \u00fcberfordert! R2G bekommt es ja nicht mal auf die Reihe, gute Integrationsmodelle zu entwickeln und umzusetzen.\u201c<\/p>\n<\/div>\n","protected":false},"excerpt":{"rendered":"<p>Thomas L. Kemmerich \u00fcber geplantes Landesamt: Unser Land braucht keinen weiteren Wasserkopf, sondern effektive Abschiebungen Die Zust\u00e4ndigkeit f\u00fcr Migrationsthemen in Th\u00fcringen soll wieder im Innenministerium angesiedelt werden, ganz so, wie [&#8230;]<\/p>\n","protected":false},"author":1,"featured_media":0,"comment_status":"open","ping_status":"closed","sticky":false,"template":"","format":"standard","meta":{"footnotes":""},"categories":[5],"tags":[669,347,693,271],"class_list":["post-11110","post","type-post","status-publish","format-standard","hentry","category-aussenpolitik","tag-fdp-thueringen","tag-innenministerium","tag-migration","tag-thomas-kemmerich"],"_links":{"self":[{"href":"https:\/\/fdp-aktiv.de\/blog\/wp-json\/wp\/v2\/posts\/11110","targetHints":{"allow":["GET"]}}],"collection":[{"href":"https:\/\/fdp-aktiv.de\/blog\/wp-json\/wp\/v2\/posts"}],"about":[{"href":"https:\/\/fdp-aktiv.de\/blog\/wp-json\/wp\/v2\/types\/post"}],"author":[{"embeddable":true,"href":"https:\/\/fdp-aktiv.de\/blog\/wp-json\/wp\/v2\/users\/1"}],"replies":[{"embeddable":true,"href":"https:\/\/fdp-aktiv.de\/blog\/wp-json\/wp\/v2\/comments?post=11110"}],"version-history":[{"count":1,"href":"https:\/\/fdp-aktiv.de\/blog\/wp-json\/wp\/v2\/posts\/11110\/revisions"}],"predecessor-version":[{"id":11119,"href":"https:\/\/fdp-aktiv.de\/blog\/wp-json\/wp\/v2\/posts\/11110\/revisions\/11119"}],"wp:attachment":[{"href":"https:\/\/fdp-aktiv.de\/blog\/wp-json\/wp\/v2\/media?parent=11110"}],"wp:term":[{"taxonomy":"category","embeddable":true,"href":"https:\/\/fdp-aktiv.de\/blog\/wp-json\/wp\/v2\/categories?post=11110"},{"taxonomy":"post_tag","embeddable":true,"href":"https:\/\/fdp-aktiv.de\/blog\/wp-json\/wp\/v2\/tags?post=11110"}],"curies":[{"name":"wp","href":"https:\/\/api.w.org\/{rel}","templated":true}]}}