{"id":11155,"date":"2023-05-17T23:09:16","date_gmt":"2023-05-17T21:09:16","guid":{"rendered":"https:\/\/fdp-aktiv.de\/blog\/?p=11155"},"modified":"2023-05-17T23:09:16","modified_gmt":"2023-05-17T21:09:16","slug":"hessen-dr-naas-paulskirchen-jubilaeum-hat-umfassende-wuerdigung-verdient","status":"publish","type":"post","link":"https:\/\/fdp-aktiv.de\/blog\/2023\/05\/17\/hessen-dr-naas-paulskirchen-jubilaeum-hat-umfassende-wuerdigung-verdient\/","title":{"rendered":"Hessen &#8211; DR. NAAS: Paulskirchen-Jubil\u00e4um hat umfassende W\u00fcrdigung verdient"},"content":{"rendered":"<ul>\n<li><strong>FDP bekr\u00e4ftigt Forderung nach nationalem Gedenktag<\/strong><\/li>\n<li><strong>Wert von Freiheit und Demokratie in Erinnerung halten<\/strong><\/li>\n<li><strong>Engagement der Landesregierung h\u00e4tte gr\u00f6\u00dfer sein k\u00f6nnen<\/strong><\/li>\n<\/ul>\n<figure id=\"attachment_3190\" aria-describedby=\"caption-attachment-3190\" style=\"width: 800px\" class=\"wp-caption aligncenter\"><a href=\"https:\/\/fdp-aktiv.de\/blog\/wp-content\/uploads\/2021\/11\/2019.02.26_FDP_Dr.StefanNaas-1.jpg\"><img loading=\"lazy\" decoding=\"async\" class=\"size-large wp-image-3190\" src=\"https:\/\/fdp-aktiv.de\/blog\/wp-content\/uploads\/2021\/11\/2019.02.26_FDP_Dr.StefanNaas-1-1024x684.jpg\" alt=\"\" width=\"800\" height=\"534\" srcset=\"https:\/\/fdp-aktiv.de\/blog\/wp-content\/uploads\/2021\/11\/2019.02.26_FDP_Dr.StefanNaas-1-1024x684.jpg 1024w, https:\/\/fdp-aktiv.de\/blog\/wp-content\/uploads\/2021\/11\/2019.02.26_FDP_Dr.StefanNaas-1-300x200.jpg 300w, https:\/\/fdp-aktiv.de\/blog\/wp-content\/uploads\/2021\/11\/2019.02.26_FDP_Dr.StefanNaas-1-768x513.jpg 768w, https:\/\/fdp-aktiv.de\/blog\/wp-content\/uploads\/2021\/11\/2019.02.26_FDP_Dr.StefanNaas-1-1536x1025.jpg 1536w, https:\/\/fdp-aktiv.de\/blog\/wp-content\/uploads\/2021\/11\/2019.02.26_FDP_Dr.StefanNaas-1.jpg 2048w\" sizes=\"auto, (max-width: 800px) 100vw, 800px\" \/><\/a><figcaption id=\"caption-attachment-3190\" class=\"wp-caption-text\">Dr. Stefan Naas<\/figcaption><\/figure>\n<p>\u201eDas Paulskirchen-Jubil\u00e4um hat eine umfassende W\u00fcrdigung verdient. Ein viert\u00e4giges Fest sollte nicht alles gewesen sein\u201c, erkl\u00e4rt Dr. Stefan NAAS, Spitzenkandidat der FDP Hessen f\u00fcr die Landtagswahl im Oktober. Er erneuert daher vor dem Hintergrund des am 18. Mai anstehenden 75. Jahrestag des ersten Zusammentreffens des ersten frei gew\u00e4hlten gesamtdeutschen Parlaments und des Festwochenendes in Frankfurt die Forderung der hessischen Freien Demokraten nach einem nationalen Gedenktag. \u201eIn der Frankfurter Paulskirche kamen Menschen zusammen, die f\u00fcr ihre Grund- und Freiheitsrechte gek\u00e4mpft haben. Und dort wurde die Reichsverfassung verabschiedet, die unser Grundgesetz stark gepr\u00e4gt hat. Der Wert von Freiheit und Demokratie sollte \u00fcber das Festwochenende hinaus in Erinnerung gebracht werden. Deshalb ist es zu begr\u00fc\u00dfen, dass sich Hessens Ministerpr\u00e4sident Boris Rhein kurz nach uns Freien Demokraten ebenfalls f\u00fcr einen Demokratie-Gedenktag ausgesprochen hat\u201c, sagt Naas. \u201eDas Engagement der Landesregierung im Zusammenhang mit dem Jubil\u00e4um h\u00e4tte aber durchaus gr\u00f6\u00dfer ausfallen k\u00f6nnen \u2013 auch eine Landesausstellung in Erinnerung an die Revolution w\u00e4re sinnvoll gewesen.<\/p>\n<p>Die hessischen Freien Demokraten w\u00fcnschen sich dar\u00fcber hinaus eine Sondersitzung des Bundestags in der Paulskirche und haben die Bundestagsfraktion der FDP gebeten, entsprechend aktiv zu werden. \u201eDiese Sitzung sollte bis zum 28. M\u00e4rz 2024 stattfinden. An diesem Tag j\u00e4hrt sich die Verk\u00fcndung der ersten gesamtdeutschen Verfassung zum 175. Mal\u201c, erl\u00e4utert Naas.<\/p>\n<p>&nbsp;<\/p>\n","protected":false},"excerpt":{"rendered":"<p>FDP bekr\u00e4ftigt Forderung nach nationalem Gedenktag Wert von Freiheit und Demokratie in Erinnerung halten Engagement der Landesregierung h\u00e4tte gr\u00f6\u00dfer sein k\u00f6nnen \u201eDas Paulskirchen-Jubil\u00e4um hat eine umfassende W\u00fcrdigung verdient. Ein viert\u00e4giges [&#8230;]<\/p>\n","protected":false},"author":1,"featured_media":0,"comment_status":"open","ping_status":"closed","sticky":false,"template":"","format":"standard","meta":{"footnotes":""},"categories":[6],"tags":[1302,635],"class_list":["post-11155","post","type-post","status-publish","format-standard","hentry","category-politik","tag-dr-stefan-naas","tag-fdp-hessen"],"_links":{"self":[{"href":"https:\/\/fdp-aktiv.de\/blog\/wp-json\/wp\/v2\/posts\/11155","targetHints":{"allow":["GET"]}}],"collection":[{"href":"https:\/\/fdp-aktiv.de\/blog\/wp-json\/wp\/v2\/posts"}],"about":[{"href":"https:\/\/fdp-aktiv.de\/blog\/wp-json\/wp\/v2\/types\/post"}],"author":[{"embeddable":true,"href":"https:\/\/fdp-aktiv.de\/blog\/wp-json\/wp\/v2\/users\/1"}],"replies":[{"embeddable":true,"href":"https:\/\/fdp-aktiv.de\/blog\/wp-json\/wp\/v2\/comments?post=11155"}],"version-history":[{"count":1,"href":"https:\/\/fdp-aktiv.de\/blog\/wp-json\/wp\/v2\/posts\/11155\/revisions"}],"predecessor-version":[{"id":11160,"href":"https:\/\/fdp-aktiv.de\/blog\/wp-json\/wp\/v2\/posts\/11155\/revisions\/11160"}],"wp:attachment":[{"href":"https:\/\/fdp-aktiv.de\/blog\/wp-json\/wp\/v2\/media?parent=11155"}],"wp:term":[{"taxonomy":"category","embeddable":true,"href":"https:\/\/fdp-aktiv.de\/blog\/wp-json\/wp\/v2\/categories?post=11155"},{"taxonomy":"post_tag","embeddable":true,"href":"https:\/\/fdp-aktiv.de\/blog\/wp-json\/wp\/v2\/tags?post=11155"}],"curies":[{"name":"wp","href":"https:\/\/api.w.org\/{rel}","templated":true}]}}