{"id":11216,"date":"2023-05-22T10:47:16","date_gmt":"2023-05-22T08:47:16","guid":{"rendered":"https:\/\/fdp-aktiv.de\/blog\/?p=11216"},"modified":"2023-05-22T10:47:16","modified_gmt":"2023-05-22T08:47:16","slug":"berlin-lars-f-lindemann-zur-geplanten-neuauflage-des-29-euro-tickets-fuer-berlin","status":"publish","type":"post","link":"https:\/\/fdp-aktiv.de\/blog\/2023\/05\/22\/berlin-lars-f-lindemann-zur-geplanten-neuauflage-des-29-euro-tickets-fuer-berlin\/","title":{"rendered":"BERLIN &#8211; Lars F. Lindemann zur geplanten Neuauflage des 29-Euro-Tickets f\u00fcr Berlin:"},"content":{"rendered":"<figure id=\"attachment_10345\" aria-describedby=\"caption-attachment-10345\" style=\"width: 800px\" class=\"wp-caption aligncenter\"><a href=\"https:\/\/fdp-aktiv.de\/blog\/wp-content\/uploads\/2023\/03\/LL_05237-min-scaled.jpg\"><img loading=\"lazy\" decoding=\"async\" class=\"size-large wp-image-10345\" src=\"https:\/\/fdp-aktiv.de\/blog\/wp-content\/uploads\/2023\/03\/LL_05237-min-1024x683.jpg\" alt=\"Lars Lindemann\" width=\"800\" height=\"534\" srcset=\"https:\/\/fdp-aktiv.de\/blog\/wp-content\/uploads\/2023\/03\/LL_05237-min-1024x683.jpg 1024w, https:\/\/fdp-aktiv.de\/blog\/wp-content\/uploads\/2023\/03\/LL_05237-min-300x200.jpg 300w, https:\/\/fdp-aktiv.de\/blog\/wp-content\/uploads\/2023\/03\/LL_05237-min-768x512.jpg 768w, https:\/\/fdp-aktiv.de\/blog\/wp-content\/uploads\/2023\/03\/LL_05237-min-1536x1025.jpg 1536w, https:\/\/fdp-aktiv.de\/blog\/wp-content\/uploads\/2023\/03\/LL_05237-min-2048x1366.jpg 2048w\" sizes=\"auto, (max-width: 800px) 100vw, 800px\" \/><\/a><figcaption id=\"caption-attachment-10345\" class=\"wp-caption-text\">Lars Lindemann<\/figcaption><\/figure>\n<p>\u201c<em>Schwarz-Rot sollte endlich anfangen, die Stadt zu gestalten, anstatt den Weg in die Vergangenheit zu suchen. Das Deutschlandticket ist die Zukunft f\u00fcr Berlin und den Bund. Erneute Extral\u00f6sungen mit dem 29-Euro-Ticket f\u00fcr die Stadt voranzutreiben, zeigt die Unf\u00e4higkeit von CDU und SPD zur Priorit\u00e4tensetzung. Die Berliner wollen einen sauberen, sicheren und zuverl\u00e4ssigen Hauptstadt-\u00d6PNV, der auch die Au\u00dfenbezirke besser einbindet. Darauf sollte sich Schwarz-Rot konzentrieren und nicht anfangen, Altes wieder aufzuw\u00e4rmen und desolate Zust\u00e4nde zu kultivieren. Der Berliner Senat muss den Anspruch haben, Berlin endlich zu einer funktionierenden Stadt zu machen &#8211; um auch im internationalen Wettbewerb zu bestehen.&#8221;<\/em><\/p>\n<div><\/div>\n","protected":false},"excerpt":{"rendered":"<p>\u201cSchwarz-Rot sollte endlich anfangen, die Stadt zu gestalten, anstatt den Weg in die Vergangenheit zu suchen. Das Deutschlandticket ist die Zukunft f\u00fcr Berlin und den Bund. Erneute Extral\u00f6sungen mit dem [&#8230;]<\/p>\n","protected":false},"author":1,"featured_media":0,"comment_status":"open","ping_status":"closed","sticky":false,"template":"","format":"standard","meta":{"footnotes":""},"categories":[144],"tags":[2719,706,3242],"class_list":["post-11216","post","type-post","status-publish","format-standard","hentry","category-verkehr-innenpolitik","tag-29-euro-ticket","tag-fdp-berlin","tag-lars-lindemann"],"_links":{"self":[{"href":"https:\/\/fdp-aktiv.de\/blog\/wp-json\/wp\/v2\/posts\/11216","targetHints":{"allow":["GET"]}}],"collection":[{"href":"https:\/\/fdp-aktiv.de\/blog\/wp-json\/wp\/v2\/posts"}],"about":[{"href":"https:\/\/fdp-aktiv.de\/blog\/wp-json\/wp\/v2\/types\/post"}],"author":[{"embeddable":true,"href":"https:\/\/fdp-aktiv.de\/blog\/wp-json\/wp\/v2\/users\/1"}],"replies":[{"embeddable":true,"href":"https:\/\/fdp-aktiv.de\/blog\/wp-json\/wp\/v2\/comments?post=11216"}],"version-history":[{"count":1,"href":"https:\/\/fdp-aktiv.de\/blog\/wp-json\/wp\/v2\/posts\/11216\/revisions"}],"predecessor-version":[{"id":11217,"href":"https:\/\/fdp-aktiv.de\/blog\/wp-json\/wp\/v2\/posts\/11216\/revisions\/11217"}],"wp:attachment":[{"href":"https:\/\/fdp-aktiv.de\/blog\/wp-json\/wp\/v2\/media?parent=11216"}],"wp:term":[{"taxonomy":"category","embeddable":true,"href":"https:\/\/fdp-aktiv.de\/blog\/wp-json\/wp\/v2\/categories?post=11216"},{"taxonomy":"post_tag","embeddable":true,"href":"https:\/\/fdp-aktiv.de\/blog\/wp-json\/wp\/v2\/tags?post=11216"}],"curies":[{"name":"wp","href":"https:\/\/api.w.org\/{rel}","templated":true}]}}