{"id":11225,"date":"2023-05-22T17:07:52","date_gmt":"2023-05-22T15:07:52","guid":{"rendered":"https:\/\/fdp-aktiv.de\/blog\/?p=11225"},"modified":"2023-05-22T17:07:52","modified_gmt":"2023-05-22T15:07:52","slug":"berlin-lars-f-lindemann-mdb-generalsekretaer-der-fdp-berlin-zu-den-fortdauernden-aktionen-der-letzten-generation-in-berlin-und-den-ankuendigungen-des-berliner-senats","status":"publish","type":"post","link":"https:\/\/fdp-aktiv.de\/blog\/2023\/05\/22\/berlin-lars-f-lindemann-mdb-generalsekretaer-der-fdp-berlin-zu-den-fortdauernden-aktionen-der-letzten-generation-in-berlin-und-den-ankuendigungen-des-berliner-senats\/","title":{"rendered":"BERLIN. Lars F. Lindemann MdB, Generalsekret\u00e4r der FDP Berlin, zu den fortdauernden Aktionen der \u201eLetzten Generation\u201c in Berlin und den Ank\u00fcndigungen des Berliner Senats:"},"content":{"rendered":"<figure id=\"attachment_10345\" aria-describedby=\"caption-attachment-10345\" style=\"width: 800px\" class=\"wp-caption aligncenter\"><a href=\"https:\/\/fdp-aktiv.de\/blog\/wp-content\/uploads\/2023\/03\/LL_05237-min-scaled.jpg\"><img loading=\"lazy\" decoding=\"async\" class=\"size-large wp-image-10345\" src=\"https:\/\/fdp-aktiv.de\/blog\/wp-content\/uploads\/2023\/03\/LL_05237-min-1024x683.jpg\" alt=\"Lars Lindemann\" width=\"800\" height=\"534\" srcset=\"https:\/\/fdp-aktiv.de\/blog\/wp-content\/uploads\/2023\/03\/LL_05237-min-1024x683.jpg 1024w, https:\/\/fdp-aktiv.de\/blog\/wp-content\/uploads\/2023\/03\/LL_05237-min-300x200.jpg 300w, https:\/\/fdp-aktiv.de\/blog\/wp-content\/uploads\/2023\/03\/LL_05237-min-768x512.jpg 768w, https:\/\/fdp-aktiv.de\/blog\/wp-content\/uploads\/2023\/03\/LL_05237-min-1536x1025.jpg 1536w, https:\/\/fdp-aktiv.de\/blog\/wp-content\/uploads\/2023\/03\/LL_05237-min-2048x1366.jpg 2048w\" sizes=\"auto, (max-width: 800px) 100vw, 800px\" \/><\/a><figcaption id=\"caption-attachment-10345\" class=\"wp-caption-text\">Lars Lindemann<\/figcaption><\/figure>\n<p><i>\u201eJeden Tag das gleiche Bild in der Stadt und was macht der Berliner Senat? Nur vollmundige Pr\u00fcf-Ank\u00fcndigungen, aber umgesetzt wurde bis jetzt nichts. Die schwarz-rote Pr\u00fcf-Koalition macht somit genau da weiter, wo R2G aufgeh\u00f6rt hat. Damit wird das &#8220;Weiter-so&#8221; f\u00fcr Berlin betoniert. Wir haben Vorschl\u00e4ge gemacht, wie dem Blockieren ein Ende zu setzen ist: Beschleunigte Verfahren, die H\u00f6chstdauer des Unterbindungsgewahrsams wiederherstellen, solche Versammlungen ohne Anmeldung durch Allgemeinverf\u00fcgung untersagen und eine Schadensersatz-Plattform f\u00fcr Gesch\u00e4digte. Au\u00dferdem m\u00fcssen den Blockierern die Eins\u00e4tze von Polizei und Feuerwehr in Rechnung gestellt werden. Schwarz-Rot muss unverz\u00fcglich handeln und nicht noch mehr Zeit verlieren. Die Blockierer m\u00fcssen endlich runter von den Stra\u00dfen der Hauptstadt.\u201c<\/i><\/p>\n","protected":false},"excerpt":{"rendered":"<p>\u201eJeden Tag das gleiche Bild in der Stadt und was macht der Berliner Senat? Nur vollmundige Pr\u00fcf-Ank\u00fcndigungen, aber umgesetzt wurde bis jetzt nichts. Die schwarz-rote Pr\u00fcf-Koalition macht somit genau da [&#8230;]<\/p>\n","protected":false},"author":1,"featured_media":0,"comment_status":"open","ping_status":"closed","sticky":false,"template":"","format":"standard","meta":{"footnotes":""},"categories":[144],"tags":[706,3242,3282],"class_list":["post-11225","post","type-post","status-publish","format-standard","hentry","category-verkehr-innenpolitik","tag-fdp-berlin","tag-lars-lindemann","tag-letzten-generation"],"_links":{"self":[{"href":"https:\/\/fdp-aktiv.de\/blog\/wp-json\/wp\/v2\/posts\/11225","targetHints":{"allow":["GET"]}}],"collection":[{"href":"https:\/\/fdp-aktiv.de\/blog\/wp-json\/wp\/v2\/posts"}],"about":[{"href":"https:\/\/fdp-aktiv.de\/blog\/wp-json\/wp\/v2\/types\/post"}],"author":[{"embeddable":true,"href":"https:\/\/fdp-aktiv.de\/blog\/wp-json\/wp\/v2\/users\/1"}],"replies":[{"embeddable":true,"href":"https:\/\/fdp-aktiv.de\/blog\/wp-json\/wp\/v2\/comments?post=11225"}],"version-history":[{"count":1,"href":"https:\/\/fdp-aktiv.de\/blog\/wp-json\/wp\/v2\/posts\/11225\/revisions"}],"predecessor-version":[{"id":11229,"href":"https:\/\/fdp-aktiv.de\/blog\/wp-json\/wp\/v2\/posts\/11225\/revisions\/11229"}],"wp:attachment":[{"href":"https:\/\/fdp-aktiv.de\/blog\/wp-json\/wp\/v2\/media?parent=11225"}],"wp:term":[{"taxonomy":"category","embeddable":true,"href":"https:\/\/fdp-aktiv.de\/blog\/wp-json\/wp\/v2\/categories?post=11225"},{"taxonomy":"post_tag","embeddable":true,"href":"https:\/\/fdp-aktiv.de\/blog\/wp-json\/wp\/v2\/tags?post=11225"}],"curies":[{"name":"wp","href":"https:\/\/api.w.org\/{rel}","templated":true}]}}