{"id":11244,"date":"2023-05-24T13:01:26","date_gmt":"2023-05-24T11:01:26","guid":{"rendered":"https:\/\/fdp-aktiv.de\/blog\/?p=11244"},"modified":"2023-05-24T13:38:07","modified_gmt":"2023-05-24T11:38:07","slug":"schleswig-holstein-christopher-vogt-schwarz-gruener-dilettantenstadl","status":"publish","type":"post","link":"https:\/\/fdp-aktiv.de\/blog\/2023\/05\/24\/schleswig-holstein-christopher-vogt-schwarz-gruener-dilettantenstadl\/","title":{"rendered":"Schleswig-Holstein &#8211; Christopher Vogt: Schwarz-Gr\u00fcner Dilettantenstadl"},"content":{"rendered":"<div class=\"clearfix text-formatted field field--name-body field--type-text-with-summary field--label-hidden field__item\">\n<p>Zur angek\u00fcndigten Aufhebung der Haushaltssperre erkl\u00e4rt der Vorsitzende der FDP-Landtagsfraktion, <strong>Christopher Vogt<\/strong>:<\/p>\n<figure id=\"attachment_2668\" aria-describedby=\"caption-attachment-2668\" style=\"width: 800px\" class=\"wp-caption aligncenter\"><a href=\"https:\/\/fdp-aktiv.de\/blog\/wp-content\/uploads\/2021\/09\/Fdp2022.jpg\"><img loading=\"lazy\" decoding=\"async\" class=\"size-large wp-image-2668\" src=\"https:\/\/fdp-aktiv.de\/blog\/wp-content\/uploads\/2021\/09\/Fdp2022-1024x683.jpg\" alt=\"Vogt\" width=\"800\" height=\"534\" srcset=\"https:\/\/fdp-aktiv.de\/blog\/wp-content\/uploads\/2021\/09\/Fdp2022-1024x683.jpg 1024w, https:\/\/fdp-aktiv.de\/blog\/wp-content\/uploads\/2021\/09\/Fdp2022-300x200.jpg 300w, https:\/\/fdp-aktiv.de\/blog\/wp-content\/uploads\/2021\/09\/Fdp2022-768x512.jpg 768w, https:\/\/fdp-aktiv.de\/blog\/wp-content\/uploads\/2021\/09\/Fdp2022-1536x1024.jpg 1536w, https:\/\/fdp-aktiv.de\/blog\/wp-content\/uploads\/2021\/09\/Fdp2022-2048x1366.jpg 2048w\" sizes=\"auto, (max-width: 800px) 100vw, 800px\" \/><\/a><figcaption id=\"caption-attachment-2668\" class=\"wp-caption-text\">Christopher Vogt<\/figcaption><\/figure>\n<div class=\"clearfix text-formatted field field--name-body field--type-text-with-summary field--label-hidden field__item\">\n<p>\u201eWir sind sehr gespannt auf die K\u00fcrzungsvorschl\u00e4ge der verschiedenen Ministerien, die Heinolds schlechte Haushaltsplanung jetzt heilen sollen. Es darf jetzt nicht das n\u00e4chste schwarz-gr\u00fcne Kartenhaus gebaut werden, das dann in wenigen Monaten auch wieder in sich zusammenf\u00e4llt. Wozu es diese merkw\u00fcrdige Panik-Aktion mit der Haushaltssperre so kurz nach der Verabschiedung des Haushalts tats\u00e4chlich gebraucht hat, muss die Regierung jetzt im Finanzausschuss und auch bei der n\u00e4chsten Landtagssitzung nachvollziehbar erkl\u00e4ren. Die Finanzministerin hat offenbar keinen anderen Weg mehr gesehen, um die verschiedenen W\u00fcnsche von CDU und Gr\u00fcnen doch noch irgendwie zusammenzubinden. Der schwarz-gr\u00fcne Dilettantenstadl sorgt f\u00fcr v\u00f6llig unn\u00f6tige Verunsicherung im Land. G\u00fcnther und Heinold werden sich jetzt ehrlich machen m\u00fcssen: Es wird f\u00fcr CDU und Gr\u00fcne zunehmend schwierig werden, die fehlenden inhaltlichen Schnittmengen mit immer neuen Ausgaben zu kaschieren.\u201c<\/p>\n<\/div>\n<\/div>\n","protected":false},"excerpt":{"rendered":"<p>Zur angek\u00fcndigten Aufhebung der Haushaltssperre erkl\u00e4rt der Vorsitzende der FDP-Landtagsfraktion, Christopher Vogt: \u201eWir sind sehr gespannt auf die K\u00fcrzungsvorschl\u00e4ge der verschiedenen Ministerien, die Heinolds schlechte Haushaltsplanung jetzt heilen sollen. Es [&#8230;]<\/p>\n","protected":false},"author":1,"featured_media":0,"comment_status":"open","ping_status":"closed","sticky":false,"template":"","format":"standard","meta":{"footnotes":""},"categories":[55],"tags":[599,814,1004],"class_list":["post-11244","post","type-post","status-publish","format-standard","hentry","category-finanzen","tag-christopher-vogt","tag-fdp-lsh","tag-haushalt"],"_links":{"self":[{"href":"https:\/\/fdp-aktiv.de\/blog\/wp-json\/wp\/v2\/posts\/11244","targetHints":{"allow":["GET"]}}],"collection":[{"href":"https:\/\/fdp-aktiv.de\/blog\/wp-json\/wp\/v2\/posts"}],"about":[{"href":"https:\/\/fdp-aktiv.de\/blog\/wp-json\/wp\/v2\/types\/post"}],"author":[{"embeddable":true,"href":"https:\/\/fdp-aktiv.de\/blog\/wp-json\/wp\/v2\/users\/1"}],"replies":[{"embeddable":true,"href":"https:\/\/fdp-aktiv.de\/blog\/wp-json\/wp\/v2\/comments?post=11244"}],"version-history":[{"count":2,"href":"https:\/\/fdp-aktiv.de\/blog\/wp-json\/wp\/v2\/posts\/11244\/revisions"}],"predecessor-version":[{"id":11262,"href":"https:\/\/fdp-aktiv.de\/blog\/wp-json\/wp\/v2\/posts\/11244\/revisions\/11262"}],"wp:attachment":[{"href":"https:\/\/fdp-aktiv.de\/blog\/wp-json\/wp\/v2\/media?parent=11244"}],"wp:term":[{"taxonomy":"category","embeddable":true,"href":"https:\/\/fdp-aktiv.de\/blog\/wp-json\/wp\/v2\/categories?post=11244"},{"taxonomy":"post_tag","embeddable":true,"href":"https:\/\/fdp-aktiv.de\/blog\/wp-json\/wp\/v2\/tags?post=11244"}],"curies":[{"name":"wp","href":"https:\/\/api.w.org\/{rel}","templated":true}]}}