{"id":11247,"date":"2023-05-24T13:09:00","date_gmt":"2023-05-24T11:09:00","guid":{"rendered":"https:\/\/fdp-aktiv.de\/blog\/?p=11247"},"modified":"2023-05-24T13:09:00","modified_gmt":"2023-05-24T11:09:00","slug":"berlin-lars-f-lindemann-mdb-generalsekretaer-der-fdp-berlin-zu-der-von-bildungssenatorin-katharina-guenther-wuensch-cdu-angekuendigten-weiteren-verschaerfung-des-lehrermangels-in-berlin-und-dem","status":"publish","type":"post","link":"https:\/\/fdp-aktiv.de\/blog\/2023\/05\/24\/berlin-lars-f-lindemann-mdb-generalsekretaer-der-fdp-berlin-zu-der-von-bildungssenatorin-katharina-guenther-wuensch-cdu-angekuendigten-weiteren-verschaerfung-des-lehrermangels-in-berlin-und-dem\/","title":{"rendered":"BERLIN. Lars F. Lindemann MdB, Generalsekret\u00e4r der FDP Berlin, zu der von Bildungssenatorin Katharina G\u00fcnther-W\u00fcnsch (CDU) angek\u00fcndigten weiteren Versch\u00e4rfung des Lehrermangels in Berlin und dem Wiedereinstieg in die Lehrerverbeamtung:"},"content":{"rendered":"<figure id=\"attachment_10345\" aria-describedby=\"caption-attachment-10345\" style=\"width: 800px\" class=\"wp-caption aligncenter\"><a href=\"https:\/\/fdp-aktiv.de\/blog\/wp-content\/uploads\/2023\/03\/LL_05237-min-scaled.jpg\"><img loading=\"lazy\" decoding=\"async\" class=\"size-large wp-image-10345\" src=\"https:\/\/fdp-aktiv.de\/blog\/wp-content\/uploads\/2023\/03\/LL_05237-min-1024x683.jpg\" alt=\"Lars Lindemann\" width=\"800\" height=\"534\" srcset=\"https:\/\/fdp-aktiv.de\/blog\/wp-content\/uploads\/2023\/03\/LL_05237-min-1024x683.jpg 1024w, https:\/\/fdp-aktiv.de\/blog\/wp-content\/uploads\/2023\/03\/LL_05237-min-300x200.jpg 300w, https:\/\/fdp-aktiv.de\/blog\/wp-content\/uploads\/2023\/03\/LL_05237-min-768x512.jpg 768w, https:\/\/fdp-aktiv.de\/blog\/wp-content\/uploads\/2023\/03\/LL_05237-min-1536x1025.jpg 1536w, https:\/\/fdp-aktiv.de\/blog\/wp-content\/uploads\/2023\/03\/LL_05237-min-2048x1366.jpg 2048w\" sizes=\"auto, (max-width: 800px) 100vw, 800px\" \/><\/a><figcaption id=\"caption-attachment-10345\" class=\"wp-caption-text\">Lars Lindemann<\/figcaption><\/figure>\n","protected":false},"excerpt":{"rendered":"","protected":false},"author":1,"featured_media":0,"comment_status":"open","ping_status":"closed","sticky":false,"template":"","format":"standard","meta":{"footnotes":""},"categories":[34],"tags":[706,3242,188,1296],"class_list":["post-11247","post","type-post","status-publish","format-standard","hentry","category-bildung","tag-fdp-berlin","tag-lars-lindemann","tag-lehrer","tag-lehrermangel"],"_links":{"self":[{"href":"https:\/\/fdp-aktiv.de\/blog\/wp-json\/wp\/v2\/posts\/11247","targetHints":{"allow":["GET"]}}],"collection":[{"href":"https:\/\/fdp-aktiv.de\/blog\/wp-json\/wp\/v2\/posts"}],"about":[{"href":"https:\/\/fdp-aktiv.de\/blog\/wp-json\/wp\/v2\/types\/post"}],"author":[{"embeddable":true,"href":"https:\/\/fdp-aktiv.de\/blog\/wp-json\/wp\/v2\/users\/1"}],"replies":[{"embeddable":true,"href":"https:\/\/fdp-aktiv.de\/blog\/wp-json\/wp\/v2\/comments?post=11247"}],"version-history":[{"count":1,"href":"https:\/\/fdp-aktiv.de\/blog\/wp-json\/wp\/v2\/posts\/11247\/revisions"}],"predecessor-version":[{"id":11253,"href":"https:\/\/fdp-aktiv.de\/blog\/wp-json\/wp\/v2\/posts\/11247\/revisions\/11253"}],"wp:attachment":[{"href":"https:\/\/fdp-aktiv.de\/blog\/wp-json\/wp\/v2\/media?parent=11247"}],"wp:term":[{"taxonomy":"category","embeddable":true,"href":"https:\/\/fdp-aktiv.de\/blog\/wp-json\/wp\/v2\/categories?post=11247"},{"taxonomy":"post_tag","embeddable":true,"href":"https:\/\/fdp-aktiv.de\/blog\/wp-json\/wp\/v2\/tags?post=11247"}],"curies":[{"name":"wp","href":"https:\/\/api.w.org\/{rel}","templated":true}]}}