{"id":11249,"date":"2023-05-24T13:16:30","date_gmt":"2023-05-24T11:16:30","guid":{"rendered":"https:\/\/fdp-aktiv.de\/blog\/?p=11249"},"modified":"2023-07-03T20:21:51","modified_gmt":"2023-07-03T18:21:51","slug":"thueringen-kranichfelder-schlammlawine-zeigt-auch-administrative-versaeumnisse-beim-hochwasserschutz-auf","status":"publish","type":"post","link":"https:\/\/fdp-aktiv.de\/blog\/2023\/05\/24\/thueringen-kranichfelder-schlammlawine-zeigt-auch-administrative-versaeumnisse-beim-hochwasserschutz-auf\/","title":{"rendered":"Th\u00fcringen &#8211; Kranichfelder Schlammlawine zeigt auch administrative Vers\u00e4umnisse beim Hochwasserschutz auf"},"content":{"rendered":"<div class=\"clearfix text-formatted field field--name-body field--type-text-with-summary field--label-hidden field__item\">\n<p><strong>Dirk Bergner: Ein Konzept f\u00fcr Anlagen zum Auffangen von Regenwasser ist seit Jahren \u00fcberf\u00e4llig<\/strong><\/p>\n<figure id=\"attachment_4231\" aria-describedby=\"caption-attachment-4231\" style=\"width: 790px\" class=\"wp-caption aligncenter\"><a href=\"https:\/\/fdp-aktiv.de\/blog\/wp-content\/uploads\/2022\/02\/717.jpg\"><img loading=\"lazy\" decoding=\"async\" class=\"size-full wp-image-4231\" src=\"https:\/\/fdp-aktiv.de\/blog\/wp-content\/uploads\/2022\/02\/717.jpg\" alt=\"\" width=\"790\" height=\"700\" srcset=\"https:\/\/fdp-aktiv.de\/blog\/wp-content\/uploads\/2022\/02\/717.jpg 790w, https:\/\/fdp-aktiv.de\/blog\/wp-content\/uploads\/2022\/02\/717-300x266.jpg 300w, https:\/\/fdp-aktiv.de\/blog\/wp-content\/uploads\/2022\/02\/717-768x681.jpg 768w\" sizes=\"auto, (max-width: 790px) 100vw, 790px\" \/><\/a><figcaption id=\"caption-attachment-4231\" class=\"wp-caption-text\">FDP-Fraktion, Dirk Bergner<\/figcaption><\/figure>\n<p>Die von Starkregen ausgel\u00f6ste Schlammlawine, die am Montagabend die Stadt Kranichfeld heimgesucht hat, zeigt exemplarisch Defizite im Th\u00fcringer Hochwasserschutz auf. Dazu erkl\u00e4rt Dirk Bergner, umweltpolitischer Sprecher der FDP im Th\u00fcringer Landtag: \u201eHochwasserschutz darf sich nicht an Gew\u00e4ssern ersch\u00f6pfen. Wie die Ereignisse in Kranichfeld zeigen, ist das so genannte Au\u00dfengebietswasser ebenso problematisch. Ich fordere seit Jahren vom gr\u00fcn gef\u00fchrten Umweltministerium ein Konzept dazu \u2013 bislang leider ohne Erfolg. Zu einem solchen Konzept geh\u00f6rt, Zust\u00e4ndigkeiten zwischen Abwasserzweckverb\u00e4nden, Gew\u00e4sserunterhaltungszweckverb\u00e4nden, Gemeinden und Grundst\u00fcckseigent\u00fcmern klar zu regeln. Technische Fragen sind dabei ebenso zu beachten wie Umsetzungszeitr\u00e4ume.\u201c<\/p>\n<p>Unter Au\u00dfengebietswasser versteht man jenes Wasser, das von Feldern und aus W\u00e4ldern bei Starkregen abflie\u00dft und das f\u00fcr \u00dcberschwemmungen sorgt, ohne dass ein Fluss am \u00dcberlaufen sein muss. Bergner wirbt daf\u00fcr, Au\u00dfengebietswasser zumindest teilweise in Teichen zu fassen. Das mindert die Hochwassergefahr und kann zugleich der Bevorratung mit L\u00f6schwasser dienen.<\/p>\n<p>\u201eDie meisten Gemeinden und St\u00e4dte sind zwar zust\u00e4ndig f\u00fcr die L\u00f6schwasserbevorratung, doch sie haben durch ihre Mitgliedschaften in Wasser- und Abwasserzweckverb\u00e4nden keinen Zugriff aufs Leitungsnetz\u201c, so Bergner. \u201eMit Hilfe von Anlagen zur Regenwasserr\u00fcckhaltung lassen sich also zwei Fliegen mit einer Klappe schlagen.\u201c<\/p>\n<\/div>\n","protected":false},"excerpt":{"rendered":"<p>Dirk Bergner: Ein Konzept f\u00fcr Anlagen zum Auffangen von Regenwasser ist seit Jahren \u00fcberf\u00e4llig Die von Starkregen ausgel\u00f6ste Schlammlawine, die am Montagabend die Stadt Kranichfeld heimgesucht hat, zeigt exemplarisch Defizite [&#8230;]<\/p>\n","protected":false},"author":1,"featured_media":0,"comment_status":"open","ping_status":"closed","sticky":false,"template":"","format":"standard","meta":{"footnotes":""},"categories":[249],"tags":[446,650,669,3421,2246],"class_list":["post-11249","post","type-post","status-publish","format-standard","hentry","category-umwelt","tag-dirk-bergner","tag-fdp-dvp","tag-fdp-thueringen","tag-hochwasserschutz","tag-konzept"],"_links":{"self":[{"href":"https:\/\/fdp-aktiv.de\/blog\/wp-json\/wp\/v2\/posts\/11249","targetHints":{"allow":["GET"]}}],"collection":[{"href":"https:\/\/fdp-aktiv.de\/blog\/wp-json\/wp\/v2\/posts"}],"about":[{"href":"https:\/\/fdp-aktiv.de\/blog\/wp-json\/wp\/v2\/types\/post"}],"author":[{"embeddable":true,"href":"https:\/\/fdp-aktiv.de\/blog\/wp-json\/wp\/v2\/users\/1"}],"replies":[{"embeddable":true,"href":"https:\/\/fdp-aktiv.de\/blog\/wp-json\/wp\/v2\/comments?post=11249"}],"version-history":[{"count":1,"href":"https:\/\/fdp-aktiv.de\/blog\/wp-json\/wp\/v2\/posts\/11249\/revisions"}],"predecessor-version":[{"id":11260,"href":"https:\/\/fdp-aktiv.de\/blog\/wp-json\/wp\/v2\/posts\/11249\/revisions\/11260"}],"wp:attachment":[{"href":"https:\/\/fdp-aktiv.de\/blog\/wp-json\/wp\/v2\/media?parent=11249"}],"wp:term":[{"taxonomy":"category","embeddable":true,"href":"https:\/\/fdp-aktiv.de\/blog\/wp-json\/wp\/v2\/categories?post=11249"},{"taxonomy":"post_tag","embeddable":true,"href":"https:\/\/fdp-aktiv.de\/blog\/wp-json\/wp\/v2\/tags?post=11249"}],"curies":[{"name":"wp","href":"https:\/\/api.w.org\/{rel}","templated":true}]}}