{"id":11254,"date":"2023-05-24T13:11:46","date_gmt":"2023-05-24T11:11:46","guid":{"rendered":"https:\/\/fdp-aktiv.de\/blog\/?p=11254"},"modified":"2023-05-24T13:11:46","modified_gmt":"2023-05-24T11:11:46","slug":"baden-wuerttemberg-birnstock-krisenmodus-darf-nicht-zur-neuen-normalitaet-werden","status":"publish","type":"post","link":"https:\/\/fdp-aktiv.de\/blog\/2023\/05\/24\/baden-wuerttemberg-birnstock-krisenmodus-darf-nicht-zur-neuen-normalitaet-werden\/","title":{"rendered":"Baden-W\u00fcrttemberg &#8211; Birnstock: Krisenmodus darf nicht zur neuen Normalit\u00e4t werden"},"content":{"rendered":"<p>Es ist inakzeptabel, dass eigentlich vor\u00fcbergehende Krisenma\u00dfnahmen mit der Verl\u00e4ngerung um zwei weitere Jahre zum Dauerzustand gemacht werden.<\/p>\n<p>Zur Meldung des Kultusministeriums, dass die Kita-Ma\u00dfnahmen verl\u00e4ngert werden sollen (M\u00f6glichkeiten Ersatz einer Fachkraft durch zwei Zusatzkr\u00e4fte und Abweichung um bis zu zwei Kinder nach oben von der H\u00f6chstgruppenst\u00e4rke) sagt der Sprecher f\u00fcr fr\u00fchkindliche Bildung der FDP\/DVP-Fraktion, <strong>Dennis Birnstock<\/strong>:<\/p>\n<figure id=\"attachment_1517\" aria-describedby=\"caption-attachment-1517\" style=\"width: 770px\" class=\"wp-caption aligncenter\"><a href=\"https:\/\/fdp-aktiv.de\/blog\/wp-content\/uploads\/2021\/06\/dennis-birnstock-pressefoto1_v2.jpg\"><img loading=\"lazy\" decoding=\"async\" class=\"size-large wp-image-1517\" src=\"https:\/\/fdp-aktiv.de\/blog\/wp-content\/uploads\/2021\/06\/dennis-birnstock-pressefoto1_v2-770x1024.jpg\" alt=\"Dennis Birnstock\" width=\"770\" height=\"1024\" srcset=\"https:\/\/fdp-aktiv.de\/blog\/wp-content\/uploads\/2021\/06\/dennis-birnstock-pressefoto1_v2-770x1024.jpg 770w, https:\/\/fdp-aktiv.de\/blog\/wp-content\/uploads\/2021\/06\/dennis-birnstock-pressefoto1_v2-225x300.jpg 225w, https:\/\/fdp-aktiv.de\/blog\/wp-content\/uploads\/2021\/06\/dennis-birnstock-pressefoto1_v2-768x1022.jpg 768w, https:\/\/fdp-aktiv.de\/blog\/wp-content\/uploads\/2021\/06\/dennis-birnstock-pressefoto1_v2-1154x1536.jpg 1154w, https:\/\/fdp-aktiv.de\/blog\/wp-content\/uploads\/2021\/06\/dennis-birnstock-pressefoto1_v2.jpg 1503w\" sizes=\"auto, (max-width: 770px) 100vw, 770px\" \/><\/a><figcaption id=\"caption-attachment-1517\" class=\"wp-caption-text\">Dennis Birnstock<\/figcaption><\/figure>\n<p>\u201eEs ist inakzeptabel, dass eigentlich vor\u00fcbergehende Krisenma\u00dfnahmen nun zur neuen Normalit\u00e4t werden. Mit der Verl\u00e4ngerung der Kita-Krisenma\u00dfnahmen um weitere zwei Jahre bis August 2025, werden die Notma\u00dfnahmen zum f\u00fcnfj\u00e4hrigen Dauerzustand. Angesichts der bereits hohen Belastung der Kita-Fachkr\u00e4fte und der regelm\u00e4\u00dfigen Unterschreitung der Aufsichtspflicht kann es nicht angehen, dass der Freifahrtschein, zwei zus\u00e4tzliche Kinder pro Betreuungsgruppe aufzunehmen, auch weiterhin gelten soll. Statt einer weiteren zus\u00e4tzlichen Belastung der p\u00e4dagogischen Fachkr\u00e4fte fordern wir stattdessen ein Ende der Kita-Krisenma\u00dfnahmen, mehr Personal, die Ausweitung der Leitungszeit sowie den besseren Einbezug von Zusatzkr\u00e4ften. Auch die Einf\u00fchrung einer Experimentierklausel w\u00e4re bestens geeignet, um neue Konzepte f\u00fcr eine zukunftsf\u00e4hige und verl\u00e4ssliche Kinderbetreuung zu erm\u00f6glichen. Die Landesregierung sollte sich also endlich mit tragf\u00e4higen und vor allem zukunftsf\u00e4higen Konzepten auseinandersetzen, um die Situation auch nachhaltig zu verbessern. Die Verl\u00e4ngerung der Krisenma\u00dfnahmen ist jedoch nur Fahren auf Sicht \u2013 und das im Dunkeln.\u201c<\/p>\n<p>&nbsp;<\/p>\n<p>&nbsp;<\/p>\n<p><strong>Dr. Jan Havlik<\/strong><\/p>\n","protected":false},"excerpt":{"rendered":"<p>Es ist inakzeptabel, dass eigentlich vor\u00fcbergehende Krisenma\u00dfnahmen mit der Verl\u00e4ngerung um zwei weitere Jahre zum Dauerzustand gemacht werden. Zur Meldung des Kultusministeriums, dass die Kita-Ma\u00dfnahmen verl\u00e4ngert werden sollen (M\u00f6glichkeiten Ersatz [&#8230;]<\/p>\n","protected":false},"author":1,"featured_media":0,"comment_status":"open","ping_status":"closed","sticky":false,"template":"","format":"standard","meta":{"footnotes":""},"categories":[34],"tags":[746,650,382],"class_list":["post-11254","post","type-post","status-publish","format-standard","hentry","category-bildung","tag-dennis-birnstock","tag-fdp-dvp","tag-kita"],"_links":{"self":[{"href":"https:\/\/fdp-aktiv.de\/blog\/wp-json\/wp\/v2\/posts\/11254","targetHints":{"allow":["GET"]}}],"collection":[{"href":"https:\/\/fdp-aktiv.de\/blog\/wp-json\/wp\/v2\/posts"}],"about":[{"href":"https:\/\/fdp-aktiv.de\/blog\/wp-json\/wp\/v2\/types\/post"}],"author":[{"embeddable":true,"href":"https:\/\/fdp-aktiv.de\/blog\/wp-json\/wp\/v2\/users\/1"}],"replies":[{"embeddable":true,"href":"https:\/\/fdp-aktiv.de\/blog\/wp-json\/wp\/v2\/comments?post=11254"}],"version-history":[{"count":1,"href":"https:\/\/fdp-aktiv.de\/blog\/wp-json\/wp\/v2\/posts\/11254\/revisions"}],"predecessor-version":[{"id":11256,"href":"https:\/\/fdp-aktiv.de\/blog\/wp-json\/wp\/v2\/posts\/11254\/revisions\/11256"}],"wp:attachment":[{"href":"https:\/\/fdp-aktiv.de\/blog\/wp-json\/wp\/v2\/media?parent=11254"}],"wp:term":[{"taxonomy":"category","embeddable":true,"href":"https:\/\/fdp-aktiv.de\/blog\/wp-json\/wp\/v2\/categories?post=11254"},{"taxonomy":"post_tag","embeddable":true,"href":"https:\/\/fdp-aktiv.de\/blog\/wp-json\/wp\/v2\/tags?post=11254"}],"curies":[{"name":"wp","href":"https:\/\/api.w.org\/{rel}","templated":true}]}}