{"id":11265,"date":"2023-05-24T13:37:05","date_gmt":"2023-05-24T11:37:05","guid":{"rendered":"https:\/\/fdp-aktiv.de\/blog\/?p=11265"},"modified":"2023-05-24T13:37:05","modified_gmt":"2023-05-24T11:37:05","slug":"thueringen-monitor-ist-auch-ein-spiegelbild-rot-rot-gruener-politik","status":"publish","type":"post","link":"https:\/\/fdp-aktiv.de\/blog\/2023\/05\/24\/thueringen-monitor-ist-auch-ein-spiegelbild-rot-rot-gruener-politik\/","title":{"rendered":"Th\u00fcringen-Monitor ist auch ein Spiegelbild rot-rot-gr\u00fcner Politik"},"content":{"rendered":"<div class=\"clearfix text-formatted field field--name-body field--type-text-with-summary field--label-hidden field__item\">\n<p><strong>Thomas L. Kemmerich: Die Minderheitsregierung entfernt sich immer mehr von der Lebensrealit\u00e4t der Menschen<\/strong><\/p>\n<figure id=\"attachment_1115\" aria-describedby=\"caption-attachment-1115\" style=\"width: 790px\" class=\"wp-caption aligncenter\"><a href=\"https:\/\/fdp-aktiv.de\/blog\/wp-content\/uploads\/2021\/04\/Thoms-Kemmerich.jpg\"><img loading=\"lazy\" decoding=\"async\" class=\"size-full wp-image-1115\" src=\"https:\/\/fdp-aktiv.de\/blog\/wp-content\/uploads\/2021\/04\/Thoms-Kemmerich.jpg\" alt=\"Thomas L. Kemmerich\" width=\"790\" height=\"700\" srcset=\"https:\/\/fdp-aktiv.de\/blog\/wp-content\/uploads\/2021\/04\/Thoms-Kemmerich.jpg 790w, https:\/\/fdp-aktiv.de\/blog\/wp-content\/uploads\/2021\/04\/Thoms-Kemmerich-300x266.jpg 300w, https:\/\/fdp-aktiv.de\/blog\/wp-content\/uploads\/2021\/04\/Thoms-Kemmerich-768x681.jpg 768w\" sizes=\"auto, (max-width: 790px) 100vw, 790px\" \/><\/a><figcaption id=\"caption-attachment-1115\" class=\"wp-caption-text\">Thomas L. Kemmerich<\/figcaption><\/figure>\n<p>Der aktuelle Th\u00fcringen-Monitor ist nicht nur ein Spiegelbild von Pandemie-Erfahrung und Energiekrise, sondern auch von acht Jahren rot-rot-gr\u00fcner Politik im Freistaat. Dazu erkl\u00e4rt Thomas L. Kemmerich, Vorsitzender der FDP im Th\u00fcringer Landtag:<\/p>\n<p>\u201eDie Menschen in Th\u00fcringen besitzen aus ihrer Lebenserfahrung heraus ein sehr feines Gesp\u00fcr. Sie lassen sich nicht t\u00e4uschen vom mitunter hysterischen Eifer eines Regierungschefs, bei dem oft schon morgen nicht mehr gilt, was er heute sagt. Die Menschen sehen sehr wohl, dass sich der rot-rot-gr\u00fcne Elan allzu oft darin ersch\u00f6pft, ein weltoffenes und vielf\u00e4ltiges Th\u00fcringen zu predigen. Tats\u00e4chlich entfernt sich die Minderheitsregierung damit immer mehr von der Lebensrealit\u00e4t der Menschen.<\/p>\n<p># Sie wirbt vollmundig f\u00fcr gemeinsames Lernen, nimmt es aber hin, dass Bildung vielerorts nicht verl\u00e4sslich stattfindet.<br \/>\n# Sie sieht zwar, dass der Wirtschaft zu wenige Fachkr\u00e4fte zur Verf\u00fcgung stehen, \u00fcberzieht sie aber andererseits mit viel zu viel B\u00fcrokratie.<br \/>\n# Sie verunsichert die Menschen mit der Forderung nach einer klimafreundlichen Mobilit\u00e4t. Dabei l\u00e4sst sich der \u00d6PNV selbst auf lange Sicht im l\u00e4ndlichen Th\u00fcringen nicht so ausbauen, dass er eine wirkliche Alternative zum Auto darstellt.<br \/>\n# Sie \u00fcberfordert die Kommunen bei der Unterbringung von Fl\u00fcchtlingen, verweigert sich aber einem Neustart in der <a href=\"https:\/\/fdp-aktiv.de\/blog\/2021\/01\/29\/fdp-forderung-einwandungspolitik\/\" data-internallinksmanager029f6b8e52c=\"7\" title=\"FDP Forderung Einwanderungs- und Fl\u00fcchtlingspolitik\">Einwanderungspolitik<\/a> \u2013 inklusive einer konsequenten Abschiebung all derer, die keine Bleibeperspektive haben.<br \/>\n# Nicht zuletzt geht es mit der Digitalisierung noch immer viel zu schleppend voran.<\/p>\n<p>Anders gesagt: Niemand erwartet Wunderdinge von der Ramelow-Regierung. Doch sie ist h\u00e4ufig nicht mal in der Lage, das Selbstverst\u00e4ndliche zu liefern.\u201c<\/p>\n<\/div>\n","protected":false},"excerpt":{"rendered":"<p>Thomas L. Kemmerich: Die Minderheitsregierung entfernt sich immer mehr von der Lebensrealit\u00e4t der Menschen Der aktuelle Th\u00fcringen-Monitor ist nicht nur ein Spiegelbild von Pandemie-Erfahrung und Energiekrise, sondern auch von acht [&#8230;]<\/p>\n","protected":false},"author":1,"featured_media":0,"comment_status":"open","ping_status":"closed","sticky":false,"template":"","format":"standard","meta":{"footnotes":""},"categories":[6],"tags":[669,271],"class_list":["post-11265","post","type-post","status-publish","format-standard","hentry","category-politik","tag-fdp-thueringen","tag-thomas-kemmerich"],"_links":{"self":[{"href":"https:\/\/fdp-aktiv.de\/blog\/wp-json\/wp\/v2\/posts\/11265","targetHints":{"allow":["GET"]}}],"collection":[{"href":"https:\/\/fdp-aktiv.de\/blog\/wp-json\/wp\/v2\/posts"}],"about":[{"href":"https:\/\/fdp-aktiv.de\/blog\/wp-json\/wp\/v2\/types\/post"}],"author":[{"embeddable":true,"href":"https:\/\/fdp-aktiv.de\/blog\/wp-json\/wp\/v2\/users\/1"}],"replies":[{"embeddable":true,"href":"https:\/\/fdp-aktiv.de\/blog\/wp-json\/wp\/v2\/comments?post=11265"}],"version-history":[{"count":1,"href":"https:\/\/fdp-aktiv.de\/blog\/wp-json\/wp\/v2\/posts\/11265\/revisions"}],"predecessor-version":[{"id":11266,"href":"https:\/\/fdp-aktiv.de\/blog\/wp-json\/wp\/v2\/posts\/11265\/revisions\/11266"}],"wp:attachment":[{"href":"https:\/\/fdp-aktiv.de\/blog\/wp-json\/wp\/v2\/media?parent=11265"}],"wp:term":[{"taxonomy":"category","embeddable":true,"href":"https:\/\/fdp-aktiv.de\/blog\/wp-json\/wp\/v2\/categories?post=11265"},{"taxonomy":"post_tag","embeddable":true,"href":"https:\/\/fdp-aktiv.de\/blog\/wp-json\/wp\/v2\/tags?post=11265"}],"curies":[{"name":"wp","href":"https:\/\/api.w.org\/{rel}","templated":true}]}}