{"id":11286,"date":"2023-05-25T05:40:19","date_gmt":"2023-05-25T03:40:19","guid":{"rendered":"https:\/\/fdp-aktiv.de\/blog\/?p=11286"},"modified":"2023-05-25T05:40:19","modified_gmt":"2023-05-25T03:40:19","slug":"hessen-stirboeck-finanzmarktpolitik-muss-in-einem-ministerium-gebuendelt-werden","status":"publish","type":"post","link":"https:\/\/fdp-aktiv.de\/blog\/2023\/05\/25\/hessen-stirboeck-finanzmarktpolitik-muss-in-einem-ministerium-gebuendelt-werden\/","title":{"rendered":"Hessen &#8211; STIRB\u00d6CK: Finanzmarktpolitik muss in einem Ministerium geb\u00fcndelt werden"},"content":{"rendered":"<div class=\"clearfix text-formatted field field--name-body field--type-text-with-summary field--label-hidden field__item\">\n<p><strong>Der Hessische Landtag diskutiert heute \u00fcber den Finanzplatz Frankfurt. Anl\u00e4sslich der Debatte erkl\u00e4rt der Sprecher der Fraktion der Freien Demokraten f\u00fcr den Finanzplatz Frankfurt, Oliver STIRB\u00d6CK:\u00a0<\/strong><\/p>\n<figure id=\"attachment_3722\" aria-describedby=\"caption-attachment-3722\" style=\"width: 800px\" class=\"wp-caption aligncenter\"><a href=\"https:\/\/fdp-aktiv.de\/blog\/wp-content\/uploads\/2022\/01\/393px-Oliver_Stirboeck.jpg\"><img loading=\"lazy\" decoding=\"async\" class=\"size-large wp-image-3722\" src=\"https:\/\/fdp-aktiv.de\/blog\/wp-content\/uploads\/2022\/01\/393px-Oliver_Stirboeck-812x1024.jpg\" alt=\"\" width=\"800\" height=\"1009\" srcset=\"https:\/\/fdp-aktiv.de\/blog\/wp-content\/uploads\/2022\/01\/393px-Oliver_Stirboeck-812x1024.jpg 812w, https:\/\/fdp-aktiv.de\/blog\/wp-content\/uploads\/2022\/01\/393px-Oliver_Stirboeck-238x300.jpg 238w, https:\/\/fdp-aktiv.de\/blog\/wp-content\/uploads\/2022\/01\/393px-Oliver_Stirboeck-768x969.jpg 768w, https:\/\/fdp-aktiv.de\/blog\/wp-content\/uploads\/2022\/01\/393px-Oliver_Stirboeck-1217x1536.jpg 1217w, https:\/\/fdp-aktiv.de\/blog\/wp-content\/uploads\/2022\/01\/393px-Oliver_Stirboeck-1623x2048.jpg 1623w, https:\/\/fdp-aktiv.de\/blog\/wp-content\/uploads\/2022\/01\/393px-Oliver_Stirboeck.jpg 2029w\" sizes=\"auto, (max-width: 800px) 100vw, 800px\" \/><\/a><figcaption id=\"caption-attachment-3722\" class=\"wp-caption-text\">Oliver Stirb\u00f6ck<\/figcaption><\/figure>\n<p>\u201eDie Wettbewerbsf\u00e4higkeit Frankfurts hat sich in zentralen Finanzplatzrankings massiv verschlechtert. Gerade vor dem Hintergrund der Bewerbung um die Ansiedlung der europ\u00e4ischen Anti-Geldw\u00e4sche-Beh\u00f6rde braucht es eine\u00a0st\u00e4rkere\u00a0Vernetzung von Finanzplatz, Stadt-, Landes- und Bundespolitik, um den Standort zukunftsf\u00e4hig zu halten. Daher w\u00e4re es klug, wenn die\u00a0Politik mit einer Stimme spricht und die Landesregierung ihre Politik neu ordnet. Das Thema Finanzplatz sollte in Hessen in einem Ministerium konzentriert werden &#8211; am besten im Finanzministerium, denn mit Staatssekret\u00e4r Philipp Nimmermann verschwindet nun auch die letzte finanzpolitische Kompetenz aus dem Wirtschaftsministerium.\u201c<\/p>\n<\/div>\n","protected":false},"excerpt":{"rendered":"<p>Der Hessische Landtag diskutiert heute \u00fcber den Finanzplatz Frankfurt. Anl\u00e4sslich der Debatte erkl\u00e4rt der Sprecher der Fraktion der Freien Demokraten f\u00fcr den Finanzplatz Frankfurt, Oliver STIRB\u00d6CK:\u00a0 \u201eDie Wettbewerbsf\u00e4higkeit Frankfurts hat [&#8230;]<\/p>\n","protected":false},"author":1,"featured_media":0,"comment_status":"open","ping_status":"closed","sticky":false,"template":"","format":"standard","meta":{"footnotes":""},"categories":[55],"tags":[635,3428,1945,660],"class_list":["post-11286","post","type-post","status-publish","format-standard","hentry","category-finanzen","tag-fdp-hessen","tag-finanzmarktpolitik","tag-finanzplatz","tag-oliver-stirboeck"],"_links":{"self":[{"href":"https:\/\/fdp-aktiv.de\/blog\/wp-json\/wp\/v2\/posts\/11286","targetHints":{"allow":["GET"]}}],"collection":[{"href":"https:\/\/fdp-aktiv.de\/blog\/wp-json\/wp\/v2\/posts"}],"about":[{"href":"https:\/\/fdp-aktiv.de\/blog\/wp-json\/wp\/v2\/types\/post"}],"author":[{"embeddable":true,"href":"https:\/\/fdp-aktiv.de\/blog\/wp-json\/wp\/v2\/users\/1"}],"replies":[{"embeddable":true,"href":"https:\/\/fdp-aktiv.de\/blog\/wp-json\/wp\/v2\/comments?post=11286"}],"version-history":[{"count":1,"href":"https:\/\/fdp-aktiv.de\/blog\/wp-json\/wp\/v2\/posts\/11286\/revisions"}],"predecessor-version":[{"id":11288,"href":"https:\/\/fdp-aktiv.de\/blog\/wp-json\/wp\/v2\/posts\/11286\/revisions\/11288"}],"wp:attachment":[{"href":"https:\/\/fdp-aktiv.de\/blog\/wp-json\/wp\/v2\/media?parent=11286"}],"wp:term":[{"taxonomy":"category","embeddable":true,"href":"https:\/\/fdp-aktiv.de\/blog\/wp-json\/wp\/v2\/categories?post=11286"},{"taxonomy":"post_tag","embeddable":true,"href":"https:\/\/fdp-aktiv.de\/blog\/wp-json\/wp\/v2\/tags?post=11286"}],"curies":[{"name":"wp","href":"https:\/\/api.w.org\/{rel}","templated":true}]}}