{"id":11294,"date":"2023-05-25T12:38:29","date_gmt":"2023-05-25T10:38:29","guid":{"rendered":"https:\/\/fdp-aktiv.de\/blog\/?p=11294"},"modified":"2023-05-25T12:38:29","modified_gmt":"2023-05-25T10:38:29","slug":"lindner-interview-eine-anhebung-der-freibetraege-fuer-die-erbschaftsteuer-ist-ueberfaellig","status":"publish","type":"post","link":"https:\/\/fdp-aktiv.de\/blog\/2023\/05\/25\/lindner-interview-eine-anhebung-der-freibetraege-fuer-die-erbschaftsteuer-ist-ueberfaellig\/","title":{"rendered":"LINDNER-Interview: Eine Anhebung der Freibetr\u00e4ge f\u00fcr die Erbschaftsteuer ist \u00fcberf\u00e4llig"},"content":{"rendered":"<div class=\"clearfix text-formatted field field--name-body field--type-text-with-summary field--label-hidden field__item\">\n<p>Der FDP-Bundesvorsitzende und Bundesminister der Finanzen Christian Lindner gab der \u201eAbendzeitung\u201c das folgende Interview. Die Fragen stellte Ralf M\u00fcller:<\/p>\n<figure id=\"attachment_2196\" aria-describedby=\"caption-attachment-2196\" style=\"width: 800px\" class=\"wp-caption aligncenter\"><a href=\"https:\/\/fdp-aktiv.de\/blog\/wp-content\/uploads\/2021\/08\/Christian-Lindner-WP-Bild-800x600-1.jpg\"><img loading=\"lazy\" decoding=\"async\" class=\"size-full wp-image-2196\" src=\"https:\/\/fdp-aktiv.de\/blog\/wp-content\/uploads\/2021\/08\/Christian-Lindner-WP-Bild-800x600-1.jpg\" alt=\"Christian Lindner\" width=\"800\" height=\"600\" srcset=\"https:\/\/fdp-aktiv.de\/blog\/wp-content\/uploads\/2021\/08\/Christian-Lindner-WP-Bild-800x600-1.jpg 800w, https:\/\/fdp-aktiv.de\/blog\/wp-content\/uploads\/2021\/08\/Christian-Lindner-WP-Bild-800x600-1-300x225.jpg 300w, https:\/\/fdp-aktiv.de\/blog\/wp-content\/uploads\/2021\/08\/Christian-Lindner-WP-Bild-800x600-1-768x576.jpg 768w\" sizes=\"auto, (max-width: 800px) 100vw, 800px\" \/><\/a><figcaption id=\"caption-attachment-2196\" class=\"wp-caption-text\">Christian LindnerLi<\/figcaption><\/figure>\n<p><strong>Frage:<\/strong> Herr Bundesminister Lindner, Bayerns Ministerpr\u00e4sident Markus S\u00f6der und sein Stellvertreter\u00a0Hubert Aiwanger\u00a0beschuldigen Sie, sich einer Heraufsetzung der Freibetr\u00e4ge bei der Erbschaftsteuer zu widersetzen. Stimmt das?<\/p>\n<p><strong>Lindner:<\/strong>\u00a0Das Gegenteil ist der Fall. Auch wenn Wahlkampf ist, sollte man bei der Wahrheit bleiben. Auf Vorschlag der\u00a0FDP\u00a0haben die Koalitionsfraktionen bereits im Dezember die Bereitschaft erkl\u00e4rt, die Freibetr\u00e4ge anzuheben. Davor sind aber die L\u00e4nder gefragt. Da die L\u00e4nder die Einnahmen erhalten und im\u00a0Bundesrat\u00a0zustimmen m\u00fcssten, sollte die Initiative von dort kommen. Wir haben den Ball auf den Elfmeterpunkt gelegt\u00a0\u2013 verwandeln m\u00fcssen ihn aber die L\u00e4nder.<\/p>\n<p><strong>Frage:<\/strong>\u00a0Sehen Sie grunds\u00e4tzlich das von Bayern angesprochene Problem, dass bei den hohen Immobilienpreisen im S\u00fcden Erben \u00fcberdurchschnittlich durch Erbschaftsteuer belastet werden?<\/p>\n<p><strong>Lindner:<\/strong> Ich beobachte das nicht nur im S\u00fcden, sondern deutschlandweit. Es war ein CSU-Innenminister, der die Methode zur Bewertung von Immobilien ge\u00e4ndert hat. Das hat das Problem versch\u00e4rft. Die Freibetr\u00e4ge wurden seit 2009 nicht angepasst, eine Anhebung ist allein schon inflationsbedingt \u00fcberf\u00e4llig. Ich pers\u00f6nlich halte eine Anhebung um mindestens 25 Prozent f\u00fcr angemessen.<\/p>\n<p><strong>Frage:<\/strong> H\u00e4tten Sie nicht die M\u00f6glichkeit gehabt, durch eine in diesem Punkt ver\u00e4nderte Gesetzesvorlage von vornherein einen h\u00f6heren Freibetrag vorzusehen?<\/p>\n<p><strong>Lindner:<\/strong>\u00a0Die Erbschaftsteuer flie\u00dft in G\u00e4nze den L\u00e4ndern zu. Der Bund kann gar nicht im Alleingang \u00fcber den Wegfall von Steuereinnahmen entscheiden, die allein den L\u00e4ndern zustehen. Eine solche Initiative muss deshalb von der Mehrheit der L\u00e4nder kommen.<\/p>\n<p><strong>Frage:<\/strong>\u00a0Wie stehen Sie zu der von Bayern geforderten Regionalisierung der den L\u00e4ndern zustehenden Erbschaftsteuer? Oder zu einer L\u00e4nder\u00f6ffnungsklausel wie bei der Grundsteuer?<\/p>\n<p><strong>Lindner:<\/strong>\u00a0Die CSU begeht hier einen schweren Fehler zulasten der Familien, die Erbf\u00e4lle haben. Denn Bayern steht mit diesem Vorschlag allein. Wenn ich es richtig sehe, unterst\u00fctzen selbst CDU-gef\u00fchrte L\u00e4nder diese Idee nicht. Die Erh\u00f6hung der Freibetr\u00e4ge im Bundesrat scheitert bisher daran, dass sich Herr S\u00f6der nie mit anderen abstimmt.<\/p>\n<p><strong>Frage:<\/strong>\u00a0Wie stehen Sie zu der von Bayern angek\u00fcndigten Normenkontrollklage? Ablehnend, neutral oder im Grunde zustimmend?<\/p>\n<p><strong>Lindner:<\/strong>\u00a0Das liegt jetzt beim\u00a0Bundesverfassungsgericht. Die Tatsache aber, dass vor dem Bundesverfassungsgericht geklagt wird, statt die CDU-gef\u00fchrten Bundesl\u00e4nder von einer entsprechenden Initiative zu \u00fcberzeugen, kann jeder f\u00fcr sich bewerten. Das entlarvt dieses Vorhaben leider als Wahlkampf.<\/p>\n<\/div>\n","protected":false},"excerpt":{"rendered":"<p>Der FDP-Bundesvorsitzende und Bundesminister der Finanzen Christian Lindner gab der \u201eAbendzeitung\u201c das folgende Interview. Die Fragen stellte Ralf M\u00fcller: Frage: Herr Bundesminister Lindner, Bayerns Ministerpr\u00e4sident Markus S\u00f6der und sein Stellvertreter\u00a0Hubert [&#8230;]<\/p>\n","protected":false},"author":1,"featured_media":0,"comment_status":"open","ping_status":"closed","sticky":false,"template":"","format":"standard","meta":{"footnotes":""},"categories":[55,173],"tags":[12,2875,2688],"class_list":["post-11294","post","type-post","status-publish","format-standard","hentry","category-finanzen","category-podcast","tag-christian-lindner","tag-erbschaftssteuer","tag-fdp-bundestag"],"_links":{"self":[{"href":"https:\/\/fdp-aktiv.de\/blog\/wp-json\/wp\/v2\/posts\/11294","targetHints":{"allow":["GET"]}}],"collection":[{"href":"https:\/\/fdp-aktiv.de\/blog\/wp-json\/wp\/v2\/posts"}],"about":[{"href":"https:\/\/fdp-aktiv.de\/blog\/wp-json\/wp\/v2\/types\/post"}],"author":[{"embeddable":true,"href":"https:\/\/fdp-aktiv.de\/blog\/wp-json\/wp\/v2\/users\/1"}],"replies":[{"embeddable":true,"href":"https:\/\/fdp-aktiv.de\/blog\/wp-json\/wp\/v2\/comments?post=11294"}],"version-history":[{"count":1,"href":"https:\/\/fdp-aktiv.de\/blog\/wp-json\/wp\/v2\/posts\/11294\/revisions"}],"predecessor-version":[{"id":11298,"href":"https:\/\/fdp-aktiv.de\/blog\/wp-json\/wp\/v2\/posts\/11294\/revisions\/11298"}],"wp:attachment":[{"href":"https:\/\/fdp-aktiv.de\/blog\/wp-json\/wp\/v2\/media?parent=11294"}],"wp:term":[{"taxonomy":"category","embeddable":true,"href":"https:\/\/fdp-aktiv.de\/blog\/wp-json\/wp\/v2\/categories?post=11294"},{"taxonomy":"post_tag","embeddable":true,"href":"https:\/\/fdp-aktiv.de\/blog\/wp-json\/wp\/v2\/tags?post=11294"}],"curies":[{"name":"wp","href":"https:\/\/api.w.org\/{rel}","templated":true}]}}