{"id":11295,"date":"2023-05-25T12:40:21","date_gmt":"2023-05-25T10:40:21","guid":{"rendered":"https:\/\/fdp-aktiv.de\/blog\/?p=11295"},"modified":"2023-05-25T12:40:21","modified_gmt":"2023-05-25T10:40:21","slug":"ruelke-und-bonath-gruene-waermepumpen-ideologie-wird-zur-geissel-der-bevoelkerung-im-lande-baden-wuerttemberg","status":"publish","type":"post","link":"https:\/\/fdp-aktiv.de\/blog\/2023\/05\/25\/ruelke-und-bonath-gruene-waermepumpen-ideologie-wird-zur-geissel-der-bevoelkerung-im-lande-baden-wuerttemberg\/","title":{"rendered":"R\u00fclke und Bonath: Gr\u00fcne W\u00e4rmepumpen-Ideologie wird zur Gei\u00dfel der Bev\u00f6lkerung im Lande Baden-W\u00fcrttemberg"},"content":{"rendered":"<p>Nach unsinniger Verkehrswende und unsinniger Energiewende folgt nun der Versuch einer unsinnigen W\u00e4rmewende<\/p>\n<p>Zum Thema \u201ePumpenzwang statt Wahlfreiheit? Die W\u00e4rmepumpen-Pl\u00e4ne der Landesregierung und ihre Auswirkungen auf Baden-W\u00fcrttemberg\u201c fand auf Antrag der FDP\/DVP-Fraktion eine Aktuelle Debatte im Landtag statt. In dieser \u00fcbte der Fraktionsvorsitzende <strong>Dr. Hans-Ulrich R\u00fclke<\/strong> scharfe Kritik an Pl\u00e4nen der Regierung Kretschmann, der Bev\u00f6lkerung des Landes Baden-W\u00fcrttemberg v\u00f6llig utopische W\u00e4rmepumpen-Pl\u00e4ne aufzuzwingen.<\/p>\n<figure id=\"attachment_1526\" aria-describedby=\"caption-attachment-1526\" style=\"width: 800px\" class=\"wp-caption aligncenter\"><a href=\"https:\/\/fdp-aktiv.de\/blog\/wp-content\/uploads\/2021\/06\/Dr._Hans_Ulrich_Ruelke_FDP_BW.jpg\"><img loading=\"lazy\" decoding=\"async\" class=\"size-large wp-image-1526\" src=\"https:\/\/fdp-aktiv.de\/blog\/wp-content\/uploads\/2021\/06\/Dr._Hans_Ulrich_Ruelke_FDP_BW-1024x682.jpg\" alt=\"Dr. Hans Ulrich R\u00fclke\" width=\"800\" height=\"533\" srcset=\"https:\/\/fdp-aktiv.de\/blog\/wp-content\/uploads\/2021\/06\/Dr._Hans_Ulrich_Ruelke_FDP_BW-1024x682.jpg 1024w, https:\/\/fdp-aktiv.de\/blog\/wp-content\/uploads\/2021\/06\/Dr._Hans_Ulrich_Ruelke_FDP_BW-300x200.jpg 300w, https:\/\/fdp-aktiv.de\/blog\/wp-content\/uploads\/2021\/06\/Dr._Hans_Ulrich_Ruelke_FDP_BW-768x512.jpg 768w, https:\/\/fdp-aktiv.de\/blog\/wp-content\/uploads\/2021\/06\/Dr._Hans_Ulrich_Ruelke_FDP_BW.jpg 1030w\" sizes=\"auto, (max-width: 800px) 100vw, 800px\" \/><\/a><figcaption id=\"caption-attachment-1526\" class=\"wp-caption-text\">Dr. Hans Ulrich R\u00fclke<\/figcaption><\/figure>\n<p>So sei j\u00fcngst bekannt geworden, dass mehrere Ministerien der gr\u00fcn-schwarzen Landesregierung planten, die missratenen Pl\u00e4ne der Habeck-Graichen-Seilschaft aus dem Bundeswirtschaftsministerium auf Baden-W\u00fcrttemberg herunter zu brechen, wie R\u00fclke vortrug. \u201eMit einer solchen W\u00e4rmepumpen-Ideologie statt technologischer Offenheit wird diese Landesregierung zu einer Gei\u00dfel f\u00fcr die Menschen in Baden-W\u00fcrttemberg!\u201c so R\u00fclke w\u00f6rtlich. \u00dcber planwirtschaftliche Vorgaben wolle man bis 2030 550.000 \u00d6l- und Gasheizungen aus den H\u00e4usern der B\u00fcrger herausrei\u00dfen und diese durch 620.000 W\u00e4rmepumpen ersetzen, hielt R\u00fclke der Regierung vor; bis 2040 seien gar 1,6 Millionen W\u00e4rmepumpen geplant. Dabei betrage der augenblickliche Bestand im Lande lediglich rund 175.000. R\u00fclke betonte, dass neben dieser absurden Form von Planwirtschaft diese Pl\u00e4ne auch technisch v\u00f6llig unrealistisch seien: Momentan w\u00fcrden durchschnittlich 24 W\u00e4rmepumpen am Tag im Lande eingebaut, 175 seien nun geplant, um das Ziel bis 2030 zu erreichen und 230 f\u00fcr das Ziel bis ins Jahr 2040.<\/p>\n<p>Diese Politik erinnere an die missratenen Windkraft-Ziele von Gr\u00fcn-Schwarz, so R\u00fclke: Hier spreche der Ministerpr\u00e4sident erst Mal vollmundig von 1000 Windr\u00e4dern, dann von 100 \u2013 nicht ohne zu betonen, dass das diesmal wirklich so gemeint sei &#8211; und in der Realit\u00e4t werde dann im ersten Quartal 2023 ein einziges Windrad im ganzen Land genehmigt. Ber\u00fccksichtige man den R\u00fcckbau alter Anlagen, so reduziere sich in der Realit\u00e4t sogar die Nettozahl an Windr\u00e4dern im Lande derzeit. R\u00fclke w\u00f6rtlich: \u201eDer bekennende Windkraft-Enthusiast Winfried Kretschmann hat gute Chancen, zum Ende seiner Amtszeit weniger Windr\u00e4der zu hinterlassen als der bekennende Windkraft-Gegner Erwin Teufel.\u201c Er erinnerte daran, dass der Ministerpr\u00e4sident immer wieder zutreffend feststelle, dass unser Land nur 0,2 Prozent der weltweiten CO2-Emissionen verantworte. Deshalb k\u00f6nne man den Klimawandel nicht allein bek\u00e4mpfen, sondern man m\u00fcsse Vorbild sein f\u00fcr andere. \u201eWas die Gr\u00fcnen in der Praxis hier aber tats\u00e4chlich bieten ist ein Vorbild daf\u00fcr, wie man es nicht macht: Indem man zum Beispiel vom Klimawandel in der Theorie schwadroniert, in der Praxis aber lieber auf CO2-intensive Kohlekraftwerke setzt als auf die CO2-neutrale Kernenergie\u201c, so R\u00fclke.<\/p>\n<p>Bemerkenswert sei auch die Rolle der CDU \u201ein diesem seltsamen Spiel\u201c, hob R\u00fclke hervor. Deren Landtagsfraktion versichere zwar glaubhaft, in diese W\u00e4rmepumpen-Pl\u00e4ne nicht eingeweiht gewesen zu sein. Gleichzeitig gebe das Umweltministerium aber bekannt, dass im April das Innenministerium einen Workshop zu diesem Thema beherbergt habe. \u201eK\u00f6nnte es vielleicht sein, dass im Innenministerium &#8211; so aus reiner Gewohnheit &#8211; zu diesem Workshop so viel Sekt getrunken wurde, dass sich am n\u00e4chsten Tag keiner mehr an den Vortag erinnern konnte und deshalb die Fraktion nicht informiert wurde?\u201c fragte R\u00fclke an die Adresse von Innenminister Strobl.<\/p>\n<p>Der CDU-Teil der Landesregierung t\u00e4te jedenfalls gut daran, seine Haltung zu diesem gr\u00fcnen W\u00e4rmepumpenwahn zu kl\u00e4ren und gegen\u00fcber der \u00d6ffentlichkeit mit einer Stimme zu verdeutlichen, so R\u00fclkes abschlie\u00dfende Aufforderung.<\/p>\n<p>&nbsp;<\/p>\n<p>Der energiepolitische Sprecher der FDP\/DVP-Fraktion, <strong>Frank Bonath<\/strong>, erg\u00e4nzte:<\/p>\n<figure id=\"attachment_4031\" aria-describedby=\"caption-attachment-4031\" style=\"width: 800px\" class=\"wp-caption aligncenter\"><a href=\"https:\/\/fdp-aktiv.de\/blog\/wp-content\/uploads\/2022\/01\/Web_bonath_0293_final.jpg\"><img loading=\"lazy\" decoding=\"async\" class=\"size-large wp-image-4031\" src=\"https:\/\/fdp-aktiv.de\/blog\/wp-content\/uploads\/2022\/01\/Web_bonath_0293_final-1024x682.jpg\" alt=\"\" width=\"800\" height=\"533\" srcset=\"https:\/\/fdp-aktiv.de\/blog\/wp-content\/uploads\/2022\/01\/Web_bonath_0293_final-1024x682.jpg 1024w, https:\/\/fdp-aktiv.de\/blog\/wp-content\/uploads\/2022\/01\/Web_bonath_0293_final-300x200.jpg 300w, https:\/\/fdp-aktiv.de\/blog\/wp-content\/uploads\/2022\/01\/Web_bonath_0293_final-768x512.jpg 768w, https:\/\/fdp-aktiv.de\/blog\/wp-content\/uploads\/2022\/01\/Web_bonath_0293_final-1536x1024.jpg 1536w, https:\/\/fdp-aktiv.de\/blog\/wp-content\/uploads\/2022\/01\/Web_bonath_0293_final.jpg 2000w\" sizes=\"auto, (max-width: 800px) 100vw, 800px\" \/><\/a><figcaption id=\"caption-attachment-4031\" class=\"wp-caption-text\">Frank Bonath<\/figcaption><\/figure>\n<p>\u201eDie W\u00e4rmepumpen-Pl\u00e4ne der Landesregierung betreffen jeden von uns: Sie betreffen die Heizungsindustrie, die seit Jahren vor technologischer Einseitigkeit warnt. Sie betreffen das Handwerk, das schon jetzt mit eklatanten Engp\u00e4ssen zu k\u00e4mpfen hat. Und sie betreffen jeden einzelnen Haushalt in Baden-W\u00fcrttemberg und damit unz\u00e4hlige Menschen im Land, die schon jetzt an ihrer finanziellen Belastungsgrenze stehen.<\/p>\n<p>&nbsp;<\/p>\n<p>Die W\u00e4rmepumpen-Pl\u00e4ne der Landesregierung schw\u00e4chen die Wirtschaft. Sie bevormunden die B\u00fcrger und \u00fcberfordern das Land. Unsere W\u00e4rme stammt fast ausschlie\u00dflich aus Kohle, \u00d6l und Gas. W\u00e4rmepumpen \u2013 oft mit Kohlestrom betrieben \u2013 tragen kaum 5 Prozent zur W\u00e4rmeversorgung bei. Unsere Netze sind f\u00fcr den massenhaften Einsatz von W\u00e4rmepumpen ungeeignet, unsere Energieversorgung hierauf nicht ausgelegt. Wenn die W\u00e4rmenachfrage im Winter steigt, bricht die Stromproduktion der Erneuerbaren ein. Gewaltige Strommengen w\u00e4ren n\u00f6tig, um allein die W\u00e4rmepumpen zu versorgen \u2013 von den anderen Stromanwendungen ganz zu schweigen.<\/p>\n<p>&nbsp;<\/p>\n<p>Doch statt sich \u00f6ffentlich zu erkl\u00e4ren, versucht Gr\u00fcn-Schwarz abzulenken. Die heutige Debatte steht daher stellvertretend. Sie steht stellvertretend f\u00fcr die wirklichkeitsfremde <a href=\"https:\/\/fdp-aktiv.de\/blog\/2021\/01\/29\/fdp-forderung-energiepolitik\/\" data-internallinksmanager029f6b8e52c=\"6\" title=\"FDP Forderung Energiepolitik\" target=\"_blank\" rel=\"noopener\">Energiepolitik<\/a> der Kretschmann-Koalition. Sie steht stellvertretend f\u00fcr die ideologische Bevorzugung einzelner Technologien. Und sie steht stellvertretend f\u00fcr den gr\u00fcn-schwarzen Kampf gegen technologische Vielfalt.\u201c<\/p>\n<p>&nbsp;<\/p>\n","protected":false},"excerpt":{"rendered":"<p>Nach unsinniger Verkehrswende und unsinniger Energiewende folgt nun der Versuch einer unsinnigen W\u00e4rmewende Zum Thema \u201ePumpenzwang statt Wahlfreiheit? Die W\u00e4rmepumpen-Pl\u00e4ne der Landesregierung und ihre Auswirkungen auf Baden-W\u00fcrttemberg\u201c fand auf Antrag [&#8230;]<\/p>\n","protected":false},"author":1,"featured_media":0,"comment_status":"open","ping_status":"closed","sticky":false,"template":"","format":"standard","meta":{"footnotes":""},"categories":[1979,207],"tags":[842,650,1518,3415,3375],"class_list":["post-11295","post","type-post","status-publish","format-standard","hentry","category-energie","category-familie-wohnen","tag-dr-hans-ulrich-ruelke","tag-fdp-dvp","tag-frank-bonath","tag-geg","tag-waermepumpen"],"_links":{"self":[{"href":"https:\/\/fdp-aktiv.de\/blog\/wp-json\/wp\/v2\/posts\/11295","targetHints":{"allow":["GET"]}}],"collection":[{"href":"https:\/\/fdp-aktiv.de\/blog\/wp-json\/wp\/v2\/posts"}],"about":[{"href":"https:\/\/fdp-aktiv.de\/blog\/wp-json\/wp\/v2\/types\/post"}],"author":[{"embeddable":true,"href":"https:\/\/fdp-aktiv.de\/blog\/wp-json\/wp\/v2\/users\/1"}],"replies":[{"embeddable":true,"href":"https:\/\/fdp-aktiv.de\/blog\/wp-json\/wp\/v2\/comments?post=11295"}],"version-history":[{"count":1,"href":"https:\/\/fdp-aktiv.de\/blog\/wp-json\/wp\/v2\/posts\/11295\/revisions"}],"predecessor-version":[{"id":11299,"href":"https:\/\/fdp-aktiv.de\/blog\/wp-json\/wp\/v2\/posts\/11295\/revisions\/11299"}],"wp:attachment":[{"href":"https:\/\/fdp-aktiv.de\/blog\/wp-json\/wp\/v2\/media?parent=11295"}],"wp:term":[{"taxonomy":"category","embeddable":true,"href":"https:\/\/fdp-aktiv.de\/blog\/wp-json\/wp\/v2\/categories?post=11295"},{"taxonomy":"post_tag","embeddable":true,"href":"https:\/\/fdp-aktiv.de\/blog\/wp-json\/wp\/v2\/tags?post=11295"}],"curies":[{"name":"wp","href":"https:\/\/api.w.org\/{rel}","templated":true}]}}