{"id":11307,"date":"2023-05-25T13:00:11","date_gmt":"2023-05-25T11:00:11","guid":{"rendered":"https:\/\/fdp-aktiv.de\/blog\/?p=11307"},"modified":"2023-05-25T13:00:11","modified_gmt":"2023-05-25T11:00:11","slug":"schardt-sauer-hessen-muss-eigentumsbildung-foerdern","status":"publish","type":"post","link":"https:\/\/fdp-aktiv.de\/blog\/2023\/05\/25\/schardt-sauer-hessen-muss-eigentumsbildung-foerdern\/","title":{"rendered":"SCHARDT-SAUER: Hessen muss Eigentumsbildung f\u00f6rdern"},"content":{"rendered":"<div class=\"clearfix text-formatted field field--name-body field--type-text-with-summary field--label-hidden field__item\">\n<ul>\n<li><strong>Freie Demokraten f\u00fcr Entlastung bei Grunderwerb<\/strong><\/li>\n<li><strong>Traum der eigenen Immobilie f\u00f6rdern<\/strong><\/li>\n<li><strong>CDU muss Ank\u00fcndigungen Taten folgen lassen<\/strong><\/li>\n<\/ul>\n<figure id=\"attachment_3352\" aria-describedby=\"caption-attachment-3352\" style=\"width: 776px\" class=\"wp-caption aligncenter\"><a href=\"https:\/\/fdp-aktiv.de\/blog\/wp-content\/uploads\/2021\/11\/Schardt-Sauer_Marion_2.jpg\"><img loading=\"lazy\" decoding=\"async\" class=\"size-full wp-image-3352\" src=\"https:\/\/fdp-aktiv.de\/blog\/wp-content\/uploads\/2021\/11\/Schardt-Sauer_Marion_2.jpg\" alt=\"\" width=\"776\" height=\"360\" srcset=\"https:\/\/fdp-aktiv.de\/blog\/wp-content\/uploads\/2021\/11\/Schardt-Sauer_Marion_2.jpg 776w, https:\/\/fdp-aktiv.de\/blog\/wp-content\/uploads\/2021\/11\/Schardt-Sauer_Marion_2-300x139.jpg 300w, https:\/\/fdp-aktiv.de\/blog\/wp-content\/uploads\/2021\/11\/Schardt-Sauer_Marion_2-768x356.jpg 768w\" sizes=\"auto, (max-width: 776px) 100vw, 776px\" \/><\/a><figcaption id=\"caption-attachment-3352\" class=\"wp-caption-text\">MARION SCHARDT-SAUER<\/figcaption><\/figure>\n<p>Marion SCHARDT-SAUER, haushaltspolitische Sprecherin der Freien Demokraten im Hessischen Landtag, hat die Aussagen von Ministerpr\u00e4sident Boris Rhein zur Unterst\u00fctzung der B\u00fcrgerinnen und B\u00fcrger beim Grunderwerb grunds\u00e4tzlich begr\u00fc\u00dft, ihn aber gleichzeitig aufgefordert, sich Initiativen des Bundes anzuschlie\u00dfen: \u201eDer Erwerb einer eigenen Immobilie ist f\u00fcr viele Menschen ein wichtiger Schritt\u00a0zu finanzieller Sicherheit und Unabh\u00e4ngigkeit.\u00a0Daher ist es nur richtig, dass der Staat die Menschen bei ihrem ersten Immobilienkauf unterst\u00fctzt\u201c, erkl\u00e4rt Schardt-Sauer anl\u00e4sslich der heutigen Plenardebatte zur Grunderwerbsteuer. Die Freien Demokraten setzen sich seit langem f\u00fcr einen Freibetrag bei der Grundsteuer auf die erste selbst genutzte Immobilie ein. \u201eEs ist ermutigend zu sehen, dass die CDU nun auch Vorschl\u00e4ge vorlegt und sich offenbar von den Fesseln ihres gr\u00fcnen Koalitionspartners l\u00f6sen m\u00f6chte\u201c, stellt Schardt-Sauer fest.<\/p>\n<p>Sie erinnert daran, dass die Ampelregierung im Bund die F\u00f6rderung der Eigentumsbildung als Ziel benannt habe. \u201eWir k\u00f6nnen darauf vertrauen, dass auf Bundesebene dank Bundesfinanzminister Christian Lindner Initiativen auf den Weg gebracht werden, die den L\u00e4ndern erm\u00f6glichen, die Eigentumsbildung zu unterst\u00fctzen. Wenn Boris Rhein es mit seinem Anliegen ernst meint, schlie\u00dft er sich diesen Initiativen an\u201c, fordert Schardt-Sauer. \u201eSchlie\u00dflich ist Eigentum nicht nur ein Grundrecht, sondern auch eine wichtige S\u00e4ule der Altersvorsorge.\u00a0Durch den Erwerb von Eigentum schaffen sich Menschen eine finanzielle Sicherheit, auf die sie im Ruhestand vertrauen k\u00f6nnen, um nicht vom Staat abh\u00e4ngig zu sein.\u201c<\/p>\n<\/div>\n","protected":false},"excerpt":{"rendered":"<p>Freie Demokraten f\u00fcr Entlastung bei Grunderwerb Traum der eigenen Immobilie f\u00f6rdern CDU muss Ank\u00fcndigungen Taten folgen lassen Marion SCHARDT-SAUER, haushaltspolitische Sprecherin der Freien Demokraten im Hessischen Landtag, hat die Aussagen [&#8230;]<\/p>\n","protected":false},"author":1,"featured_media":0,"comment_status":"open","ping_status":"closed","sticky":false,"template":"","format":"standard","meta":{"footnotes":""},"categories":[207],"tags":[3386,635,1472],"class_list":["post-11307","post","type-post","status-publish","format-standard","hentry","category-familie-wohnen","tag-eigentum","tag-fdp-hessen","tag-marion-schardt-sauer"],"_links":{"self":[{"href":"https:\/\/fdp-aktiv.de\/blog\/wp-json\/wp\/v2\/posts\/11307","targetHints":{"allow":["GET"]}}],"collection":[{"href":"https:\/\/fdp-aktiv.de\/blog\/wp-json\/wp\/v2\/posts"}],"about":[{"href":"https:\/\/fdp-aktiv.de\/blog\/wp-json\/wp\/v2\/types\/post"}],"author":[{"embeddable":true,"href":"https:\/\/fdp-aktiv.de\/blog\/wp-json\/wp\/v2\/users\/1"}],"replies":[{"embeddable":true,"href":"https:\/\/fdp-aktiv.de\/blog\/wp-json\/wp\/v2\/comments?post=11307"}],"version-history":[{"count":1,"href":"https:\/\/fdp-aktiv.de\/blog\/wp-json\/wp\/v2\/posts\/11307\/revisions"}],"predecessor-version":[{"id":11308,"href":"https:\/\/fdp-aktiv.de\/blog\/wp-json\/wp\/v2\/posts\/11307\/revisions\/11308"}],"wp:attachment":[{"href":"https:\/\/fdp-aktiv.de\/blog\/wp-json\/wp\/v2\/media?parent=11307"}],"wp:term":[{"taxonomy":"category","embeddable":true,"href":"https:\/\/fdp-aktiv.de\/blog\/wp-json\/wp\/v2\/categories?post=11307"},{"taxonomy":"post_tag","embeddable":true,"href":"https:\/\/fdp-aktiv.de\/blog\/wp-json\/wp\/v2\/tags?post=11307"}],"curies":[{"name":"wp","href":"https:\/\/api.w.org\/{rel}","templated":true}]}}