{"id":1131,"date":"2021-04-27T14:22:19","date_gmt":"2021-04-27T12:22:19","guid":{"rendered":"https:\/\/fdp-aktiv.de\/blog\/?p=1131"},"modified":"2021-04-28T07:17:32","modified_gmt":"2021-04-28T05:17:32","slug":"nicht-sklavisch-an-inzidenzwerten-festhalten","status":"publish","type":"post","link":"https:\/\/fdp-aktiv.de\/blog\/2021\/04\/27\/nicht-sklavisch-an-inzidenzwerten-festhalten\/","title":{"rendered":"Nicht sklavisch an Inzidenzwerten festhalten"},"content":{"rendered":"<div class=\"clearfix text-formatted field field--name-body field--type-text-with-summary field--label-hidden field__item\">\n<p><strong>FDP-Fraktion fordert, weitere wissenschaftlich begr\u00fcndete Parameter heranzuziehen<\/strong><\/p>\n<figure id=\"attachment_1115\" aria-describedby=\"caption-attachment-1115\" style=\"width: 790px\" class=\"wp-caption alignnone\"><img loading=\"lazy\" decoding=\"async\" class=\"size-full wp-image-1115\" src=\"https:\/\/fdp-aktiv.de\/blog\/wp-content\/uploads\/2021\/04\/Thoms-Kemmerich.jpg\" alt=\"Thomas L. Kemmerich\" width=\"790\" height=\"700\" srcset=\"https:\/\/fdp-aktiv.de\/blog\/wp-content\/uploads\/2021\/04\/Thoms-Kemmerich.jpg 790w, https:\/\/fdp-aktiv.de\/blog\/wp-content\/uploads\/2021\/04\/Thoms-Kemmerich-300x266.jpg 300w, https:\/\/fdp-aktiv.de\/blog\/wp-content\/uploads\/2021\/04\/Thoms-Kemmerich-768x681.jpg 768w\" sizes=\"auto, (max-width: 790px) 100vw, 790px\" \/><figcaption id=\"caption-attachment-1115\" class=\"wp-caption-text\"><a href=\"https:\/\/www.bundestag.de\/abgeordnete\/biografien\/K\/520930-520930\">Thomas L. Kemmerich<\/a><\/figcaption><\/figure>\n<p>D\u00fcrfen die Kinder wieder in die Schule? Gelten n\u00e4chtliche Ausgangssperren \u2013 oder nicht? Gibt es Angebote f\u00fcr ein Termin-Shopping? Der Blick auf die Inzidenzwerte liefert zumindest formal eine Antwort. Die FDP-Fraktion fordert, diese Werte nicht l\u00e4nger zum alleinigen Ma\u00dfstab zu machen, der \u00fcber die Schlie\u00dfung bzw. \u00d6ffnung von \u00f6ffentlichen Einrichtungen sowie des Einzelhandels und der Gastronomie entscheidet. Dazu erkl\u00e4rt Thomas L. Kemmerich, Vorsitzender der FDP-Fraktion im Landtag:<\/p>\n<p>\u201eEs gibt \u00fcberhaupt keine Veranlassung, angesichts von Inzidenzwerten zu erstarren wie das Kaninchen vor der Schlange. Grenzwerte wie die 165 f\u00fcr Schulschlie\u00dfungen sind nicht wissenschaftlich begr\u00fcndet, sie wurden vielmehr politisch festgesetzt. Das sklavische Festhalten an ihnen ist nicht mehr zeitgem\u00e4\u00df. F\u00fcr eine realistische Einsch\u00e4tzung der Pandemie stehen uns andere, wissenschaftlich begr\u00fcndete Parameter zur Verf\u00fcgung. Au\u00dferdem m\u00fcssen wir immer im Blick behalten, ob es sich um lokal begrenzte Infektionen handelt, etwa in einer Einrichtung oder einem Betrieb. Wenn dies der Fall sein sollte, besteht kein Grund, f\u00fcr ganze Landkreise oder kreisfreie St\u00e4dte die Notbremse zu ziehen.\u201c<\/p>\n<\/div>\n<h3>Weitere Themen:<\/h3>\n<p><a title=\"WISSING-Interview: Alles muss erlaubt sein f\u00fcr Geimpfte\" href=\"https:\/\/fdp-aktiv.de\/blog\/2021\/04\/26\/wissing-interview-alles-muss-erlaubt-sein-fuer-geimpfte\/\">WISSING-Interview: Alles muss erlaubt sein f\u00fcr Geimpfte<\/a><\/p>\n<p><a title=\"Rock: Pandemie-Politik muss zum modernen Rechtsstaat passen\" href=\"https:\/\/fdp-aktiv.de\/blog\/2021\/04\/28\/pandemie-politik-muss-zum-modernen-rechtsstaat-passen\/\">Rock: Pandemie-Politik muss zum modernen Rechtsstaat passen<\/a><\/p>\n","protected":false},"excerpt":{"rendered":"<p>FDP-Fraktion fordert, weitere wissenschaftlich begr\u00fcndete Parameter heranzuziehen D\u00fcrfen die Kinder wieder in die Schule? Gelten n\u00e4chtliche Ausgangssperren \u2013 oder nicht? Gibt es Angebote f\u00fcr ein Termin-Shopping? Der Blick auf die [&#8230;]<\/p>\n","protected":false},"author":1,"featured_media":0,"comment_status":"open","ping_status":"closed","sticky":false,"template":"","format":"standard","meta":{"footnotes":""},"categories":[4,123,6,8],"tags":[81,221,632,374],"class_list":["post-1131","post","type-post","status-publish","format-standard","hentry","category-covid-19","category-gesundheit","category-politik","category-wirtschaft","tag-ausgangssperre","tag-inzidenzwert","tag-lockerung","tag-oeffnung"],"_links":{"self":[{"href":"https:\/\/fdp-aktiv.de\/blog\/wp-json\/wp\/v2\/posts\/1131","targetHints":{"allow":["GET"]}}],"collection":[{"href":"https:\/\/fdp-aktiv.de\/blog\/wp-json\/wp\/v2\/posts"}],"about":[{"href":"https:\/\/fdp-aktiv.de\/blog\/wp-json\/wp\/v2\/types\/post"}],"author":[{"embeddable":true,"href":"https:\/\/fdp-aktiv.de\/blog\/wp-json\/wp\/v2\/users\/1"}],"replies":[{"embeddable":true,"href":"https:\/\/fdp-aktiv.de\/blog\/wp-json\/wp\/v2\/comments?post=1131"}],"version-history":[{"count":3,"href":"https:\/\/fdp-aktiv.de\/blog\/wp-json\/wp\/v2\/posts\/1131\/revisions"}],"predecessor-version":[{"id":1142,"href":"https:\/\/fdp-aktiv.de\/blog\/wp-json\/wp\/v2\/posts\/1131\/revisions\/1142"}],"wp:attachment":[{"href":"https:\/\/fdp-aktiv.de\/blog\/wp-json\/wp\/v2\/media?parent=1131"}],"wp:term":[{"taxonomy":"category","embeddable":true,"href":"https:\/\/fdp-aktiv.de\/blog\/wp-json\/wp\/v2\/categories?post=1131"},{"taxonomy":"post_tag","embeddable":true,"href":"https:\/\/fdp-aktiv.de\/blog\/wp-json\/wp\/v2\/tags?post=1131"}],"curies":[{"name":"wp","href":"https:\/\/api.w.org\/{rel}","templated":true}]}}