{"id":11333,"date":"2023-05-27T07:13:00","date_gmt":"2023-05-27T05:13:00","guid":{"rendered":"https:\/\/fdp-aktiv.de\/blog\/?p=11333"},"modified":"2023-05-27T07:19:26","modified_gmt":"2023-05-27T05:19:26","slug":"hessen-stirboeck-mobilfunkausbau-durch-entbuerokratisierung-beschleunigen","status":"publish","type":"post","link":"https:\/\/fdp-aktiv.de\/blog\/2023\/05\/27\/hessen-stirboeck-mobilfunkausbau-durch-entbuerokratisierung-beschleunigen\/","title":{"rendered":"Hessen &#8211; Stirb\u00f6ck: Mobilfunkausbau durch Entb\u00fcrokratisierung beschleunigen"},"content":{"rendered":"<p><strong>Der Hessische Landtag ber\u00e4t\u00a0 in zweiter Lesung \u00fcber das von der Regierungskoalition vorgelegte Mobilfunkausbaubeschleunigungsgesetz. Dazu erkl\u00e4rt der digitalpolitische Sprecher der Fraktion der Freien Demokraten im Hessischen Landtag, Oliver STIRB\u00d6CK:\u00a0<\/strong><\/p>\n<figure id=\"attachment_3722\" aria-describedby=\"caption-attachment-3722\" style=\"width: 800px\" class=\"wp-caption aligncenter\"><a href=\"https:\/\/fdp-aktiv.de\/blog\/wp-content\/uploads\/2022\/01\/393px-Oliver_Stirboeck.jpg\"><img loading=\"lazy\" decoding=\"async\" class=\"size-large wp-image-3722\" src=\"https:\/\/fdp-aktiv.de\/blog\/wp-content\/uploads\/2022\/01\/393px-Oliver_Stirboeck-812x1024.jpg\" alt=\"\" width=\"800\" height=\"1009\" srcset=\"https:\/\/fdp-aktiv.de\/blog\/wp-content\/uploads\/2022\/01\/393px-Oliver_Stirboeck-812x1024.jpg 812w, https:\/\/fdp-aktiv.de\/blog\/wp-content\/uploads\/2022\/01\/393px-Oliver_Stirboeck-238x300.jpg 238w, https:\/\/fdp-aktiv.de\/blog\/wp-content\/uploads\/2022\/01\/393px-Oliver_Stirboeck-768x969.jpg 768w, https:\/\/fdp-aktiv.de\/blog\/wp-content\/uploads\/2022\/01\/393px-Oliver_Stirboeck-1217x1536.jpg 1217w, https:\/\/fdp-aktiv.de\/blog\/wp-content\/uploads\/2022\/01\/393px-Oliver_Stirboeck-1623x2048.jpg 1623w, https:\/\/fdp-aktiv.de\/blog\/wp-content\/uploads\/2022\/01\/393px-Oliver_Stirboeck.jpg 2029w\" sizes=\"auto, (max-width: 800px) 100vw, 800px\" \/><\/a><figcaption id=\"caption-attachment-3722\" class=\"wp-caption-text\">Oliver Stirb\u00f6ck<\/figcaption><\/figure>\n<p>\u201eEine schnelle und zuverl\u00e4ssige Mobilfunkabdeckung ist von gro\u00dfer Bedeutung f\u00fcr die Gesellschaft. Nur mit einer modernen und digitalen Infrastruktur k\u00f6nnen alle B\u00fcrgerinnen und B\u00fcrger am digitalen Zeitalter teilhaben. Gro\u00dfe Teile Hessens liegen jedoch weiterhin im Funkloch. Deshalb muss das Baurecht f\u00fcr Mobilfunkmasten liberalisiert werden. Wir Freie Demokraten wollen weiter gehen als Schwarz-Gr\u00fcn und die b\u00fcrokratischen Verfahren beschleunigen, um den Mobilfunkausbau effizienter voranzutreiben und unn\u00f6tige Verz\u00f6gerungen zu vermeiden. Antr\u00e4ge m\u00fcssen als vollst\u00e4ndig gelten, wenn Beh\u00f6rden nicht innerhalb von drei Wochen auf fehlende Unterlagen hinweisen. Au\u00dferdem m\u00fcssen Mobilfunkanbieter eine Genehmigung f\u00fcr den Aufbau von Mobilfunkmasten erhalten, wenn Beh\u00f6rden den Antrag nicht innerhalb von drei Monaten ablehnen. So werden klare Rahmenbedingungen und Rechtssicherheit f\u00fcr alle Beteiligten geschaffen, denn der Weg zu einer modernen Infrastruktur und ei<\/p>\n","protected":false},"excerpt":{"rendered":"<p>Der Hessische Landtag ber\u00e4t\u00a0 in zweiter Lesung \u00fcber das von der Regierungskoalition vorgelegte Mobilfunkausbaubeschleunigungsgesetz. Dazu erkl\u00e4rt der digitalpolitische Sprecher der Fraktion der Freien Demokraten im Hessischen Landtag, Oliver STIRB\u00d6CK:\u00a0 \u201eEine [&#8230;]<\/p>\n","protected":false},"author":1,"featured_media":0,"comment_status":"open","ping_status":"closed","sticky":false,"template":"","format":"standard","meta":{"footnotes":""},"categories":[68],"tags":[635,460,3443,660],"class_list":["post-11333","post","type-post","status-publish","format-standard","hentry","category-digital","tag-fdp-hessen","tag-mobilfunkausbau","tag-mobilfunkausbaubeschleunigungsgesetz","tag-oliver-stirboeck"],"_links":{"self":[{"href":"https:\/\/fdp-aktiv.de\/blog\/wp-json\/wp\/v2\/posts\/11333","targetHints":{"allow":["GET"]}}],"collection":[{"href":"https:\/\/fdp-aktiv.de\/blog\/wp-json\/wp\/v2\/posts"}],"about":[{"href":"https:\/\/fdp-aktiv.de\/blog\/wp-json\/wp\/v2\/types\/post"}],"author":[{"embeddable":true,"href":"https:\/\/fdp-aktiv.de\/blog\/wp-json\/wp\/v2\/users\/1"}],"replies":[{"embeddable":true,"href":"https:\/\/fdp-aktiv.de\/blog\/wp-json\/wp\/v2\/comments?post=11333"}],"version-history":[{"count":2,"href":"https:\/\/fdp-aktiv.de\/blog\/wp-json\/wp\/v2\/posts\/11333\/revisions"}],"predecessor-version":[{"id":11347,"href":"https:\/\/fdp-aktiv.de\/blog\/wp-json\/wp\/v2\/posts\/11333\/revisions\/11347"}],"wp:attachment":[{"href":"https:\/\/fdp-aktiv.de\/blog\/wp-json\/wp\/v2\/media?parent=11333"}],"wp:term":[{"taxonomy":"category","embeddable":true,"href":"https:\/\/fdp-aktiv.de\/blog\/wp-json\/wp\/v2\/categories?post=11333"},{"taxonomy":"post_tag","embeddable":true,"href":"https:\/\/fdp-aktiv.de\/blog\/wp-json\/wp\/v2\/tags?post=11333"}],"curies":[{"name":"wp","href":"https:\/\/api.w.org\/{rel}","templated":true}]}}