{"id":11356,"date":"2023-05-28T07:09:53","date_gmt":"2023-05-28T05:09:53","guid":{"rendered":"https:\/\/fdp-aktiv.de\/blog\/?p=11356"},"modified":"2023-05-28T07:09:53","modified_gmt":"2023-05-28T05:09:53","slug":"bundestag-jensen-zusammenfuehren-vereinfachen-und-digitalisieren-ist-kern-der-kindergrundsicherung","status":"publish","type":"post","link":"https:\/\/fdp-aktiv.de\/blog\/2023\/05\/28\/bundestag-jensen-zusammenfuehren-vereinfachen-und-digitalisieren-ist-kern-der-kindergrundsicherung\/","title":{"rendered":"Bundestag &#8211; JENSEN: Zusammenf\u00fchren, Vereinfachen und Digitalisieren ist Kern der Kindergrundsicherung"},"content":{"rendered":"<div class=\"clearfix text-formatted field field--name-body field--type-text-with-summary field--label-hidden field__item\">\n<p>Zu den Ergebnissen der Familienministerkonferenz erkl\u00e4rt die stellvertretende Fraktionsvorsitzende Gyde Jensen:<\/p>\n<figure id=\"attachment_11360\" aria-describedby=\"caption-attachment-11360\" style=\"width: 800px\" class=\"wp-caption aligncenter\"><a href=\"https:\/\/fdp-aktiv.de\/blog\/wp-content\/uploads\/2023\/05\/21-10-28_MK_SFOT_NICOLE_GORSKI_PRESSKIT_Pressefoto_2-scaled.jpg\"><img loading=\"lazy\" decoding=\"async\" class=\"size-large wp-image-11360\" src=\"https:\/\/fdp-aktiv.de\/blog\/wp-content\/uploads\/2023\/05\/21-10-28_MK_SFOT_NICOLE_GORSKI_PRESSKIT_Pressefoto_2-1024x683.jpg\" alt=\"Gyde Jensen\" width=\"800\" height=\"534\" srcset=\"https:\/\/fdp-aktiv.de\/blog\/wp-content\/uploads\/2023\/05\/21-10-28_MK_SFOT_NICOLE_GORSKI_PRESSKIT_Pressefoto_2-1024x683.jpg 1024w, https:\/\/fdp-aktiv.de\/blog\/wp-content\/uploads\/2023\/05\/21-10-28_MK_SFOT_NICOLE_GORSKI_PRESSKIT_Pressefoto_2-300x200.jpg 300w, https:\/\/fdp-aktiv.de\/blog\/wp-content\/uploads\/2023\/05\/21-10-28_MK_SFOT_NICOLE_GORSKI_PRESSKIT_Pressefoto_2-768x512.jpg 768w, https:\/\/fdp-aktiv.de\/blog\/wp-content\/uploads\/2023\/05\/21-10-28_MK_SFOT_NICOLE_GORSKI_PRESSKIT_Pressefoto_2-1536x1024.jpg 1536w, https:\/\/fdp-aktiv.de\/blog\/wp-content\/uploads\/2023\/05\/21-10-28_MK_SFOT_NICOLE_GORSKI_PRESSKIT_Pressefoto_2-2048x1365.jpg 2048w\" sizes=\"auto, (max-width: 800px) 100vw, 800px\" \/><\/a><figcaption id=\"caption-attachment-11360\" class=\"wp-caption-text\">Gyde Jensen<\/figcaption><\/figure>\n<p>\u201eDas Herzst\u00fcck der Kindergrundsicherung ist das Zusammenf\u00fchren, Vereinfachen und Digitalisieren der familienpolitischen Leistungen. Insbesondere f\u00fcr L\u00e4nder und Kommunen wird das eine riesige Aufgabe sein. Deshalb ist es wichtig, in weiteren Gespr\u00e4chen explizit auch die Kommunen als wesentliche Akteure einzubinden. Ich gehe davon aus, dass die zwischen den Familienministern besprochenen verwaltungstechnischen Umsetzungsfragen nun m\u00f6glichst zeitnah Eingang in ein konkretes Konzept zur Kindergrundsicherung von Bundesfamilienministerin Lisa Paus finden. Dabei ist klar, dass der Austausch zwischen Bund und L\u00e4ndern notwendige Absprachen innerhalb der Koalition zu wesentlichen Punkten der Kindergrundsicherung nicht vorwegnehmen kann. Dazu geh\u00f6rt notwendigerweise die Einbindung der elementaren S\u00e4ule des digitalen Kinderchancenportals, das Kindern und Jugendlichen echte, selbstbestimmte Teilhabe erm\u00f6glicht und ein wesentliches Instrument zur Bek\u00e4mpfung immaterieller Kinderarmut ist. Fest steht auch: Der Bund zahlt und deshalb werden auch die wesentlichen Fragen zur Finanzierung am Ende vom Deutschen Bundestag beschlossen.\u201c<\/p>\n<\/div>\n","protected":false},"excerpt":{"rendered":"<p>Zu den Ergebnissen der Familienministerkonferenz erkl\u00e4rt die stellvertretende Fraktionsvorsitzende Gyde Jensen: \u201eDas Herzst\u00fcck der Kindergrundsicherung ist das Zusammenf\u00fchren, Vereinfachen und Digitalisieren der familienpolitischen Leistungen. Insbesondere f\u00fcr L\u00e4nder und Kommunen wird [&#8230;]<\/p>\n","protected":false},"author":1,"featured_media":0,"comment_status":"open","ping_status":"closed","sticky":false,"template":"","format":"standard","meta":{"footnotes":""},"categories":[207],"tags":[292,3445],"class_list":["post-11356","post","type-post","status-publish","format-standard","hentry","category-familie-wohnen","tag-gyde-jensen","tag-indergrundsicherung"],"_links":{"self":[{"href":"https:\/\/fdp-aktiv.de\/blog\/wp-json\/wp\/v2\/posts\/11356","targetHints":{"allow":["GET"]}}],"collection":[{"href":"https:\/\/fdp-aktiv.de\/blog\/wp-json\/wp\/v2\/posts"}],"about":[{"href":"https:\/\/fdp-aktiv.de\/blog\/wp-json\/wp\/v2\/types\/post"}],"author":[{"embeddable":true,"href":"https:\/\/fdp-aktiv.de\/blog\/wp-json\/wp\/v2\/users\/1"}],"replies":[{"embeddable":true,"href":"https:\/\/fdp-aktiv.de\/blog\/wp-json\/wp\/v2\/comments?post=11356"}],"version-history":[{"count":1,"href":"https:\/\/fdp-aktiv.de\/blog\/wp-json\/wp\/v2\/posts\/11356\/revisions"}],"predecessor-version":[{"id":11361,"href":"https:\/\/fdp-aktiv.de\/blog\/wp-json\/wp\/v2\/posts\/11356\/revisions\/11361"}],"wp:attachment":[{"href":"https:\/\/fdp-aktiv.de\/blog\/wp-json\/wp\/v2\/media?parent=11356"}],"wp:term":[{"taxonomy":"category","embeddable":true,"href":"https:\/\/fdp-aktiv.de\/blog\/wp-json\/wp\/v2\/categories?post=11356"},{"taxonomy":"post_tag","embeddable":true,"href":"https:\/\/fdp-aktiv.de\/blog\/wp-json\/wp\/v2\/tags?post=11356"}],"curies":[{"name":"wp","href":"https:\/\/api.w.org\/{rel}","templated":true}]}}