{"id":11374,"date":"2023-05-28T07:30:49","date_gmt":"2023-05-28T05:30:49","guid":{"rendered":"https:\/\/fdp-aktiv.de\/blog\/?p=11374"},"modified":"2023-05-28T07:32:13","modified_gmt":"2023-05-28T05:32:13","slug":"baden-wuerttemberg-kern-jetzt-gruenen-tabubruch-bei-den-studiengebuehren-beenden","status":"publish","type":"post","link":"https:\/\/fdp-aktiv.de\/blog\/2023\/05\/28\/baden-wuerttemberg-kern-jetzt-gruenen-tabubruch-bei-den-studiengebuehren-beenden\/","title":{"rendered":"Baden-W\u00fcrttemberg &#8211; Kern: Jetzt gr\u00fcnen Tabubruch bei den Studiengeb\u00fchren beenden"},"content":{"rendered":"<figure id=\"attachment_4661\" aria-describedby=\"caption-attachment-4661\" style=\"width: 800px\" class=\"wp-caption aligncenter\"><a href=\"https:\/\/fdp-aktiv.de\/blog\/wp-content\/uploads\/2022\/02\/web-190226_fdp_kern_2774_final_02.jpg\"><img loading=\"lazy\" decoding=\"async\" class=\"size-large wp-image-4661\" src=\"https:\/\/fdp-aktiv.de\/blog\/wp-content\/uploads\/2022\/02\/web-190226_fdp_kern_2774_final_02-1024x683.jpg\" alt=\"\" width=\"800\" height=\"534\" srcset=\"https:\/\/fdp-aktiv.de\/blog\/wp-content\/uploads\/2022\/02\/web-190226_fdp_kern_2774_final_02-1024x683.jpg 1024w, https:\/\/fdp-aktiv.de\/blog\/wp-content\/uploads\/2022\/02\/web-190226_fdp_kern_2774_final_02-300x200.jpg 300w, https:\/\/fdp-aktiv.de\/blog\/wp-content\/uploads\/2022\/02\/web-190226_fdp_kern_2774_final_02-768x512.jpg 768w, https:\/\/fdp-aktiv.de\/blog\/wp-content\/uploads\/2022\/02\/web-190226_fdp_kern_2774_final_02-1536x1024.jpg 1536w, https:\/\/fdp-aktiv.de\/blog\/wp-content\/uploads\/2022\/02\/web-190226_fdp_kern_2774_final_02.jpg 1920w\" sizes=\"auto, (max-width: 800px) 100vw, 800px\" \/><\/a><figcaption id=\"caption-attachment-4661\" class=\"wp-caption-text\">Dr. Timm Kern<\/figcaption><\/figure>\n<p>Geb\u00fchren dienen bisher nicht der Internationalisierung der Hochschulen, sondern f\u00fcllen L\u00f6cher im Landeshaushalt<\/p>\n<p>In der Debatte \u00fcber die Abschaffung von Studiengeb\u00fchren f\u00fcr internationale Studierende sagte der hochschulpolitische Sprecher der FDP\/DVP-Fraktion, <strong>Dr. Timm Kern<\/strong>:<\/p>\n<p>\u201eNoch im Wahlprogramm zur Landtagswahl 2016 galten bei den Gr\u00fcnen die Studiengeb\u00fchren als Teufelszeug. Das war nach der Wahl allerdings relativ schnell vergessen und die Geb\u00fchren f\u00fcr internationale Studierende wurden schon 2017 eingef\u00fchrt. Wohlgemerkt nicht zugunsten der Internationalisierung der Hochschulen, sondern um L\u00f6cher im Landeshaushalt zu stopfen &#8211; denn nur ein F\u00fcnftel der Mittel landet bei den Hochschulen, vier F\u00fcnftel direkt im Budget des Ministeriums. Nun musste man inzwischen erkennen, dass die Geb\u00fchren in keinem Jahr den Betrag erreicht haben, den die Landesregierung im jeweiligen Haushaltsplan angepeilt hatte. Die Zahl der internationalen Studierenden ging zur\u00fcck, der INSM-Bildungsmonitor attestiert dem Land bei der Internationalisierung einen verheerenden 16. Platz und der Fachkr\u00e4ftemangel dr\u00e4ngt.<\/p>\n<p>Diese Situation hat nun auch die gr\u00fcn-schwarze Regierung wachger\u00fcttelt und die Bereitschaft gef\u00f6rdert, auf die `Bildungsmaut\u00b4 zu verzichten, wie es nun auch der Gesetzesentwurf der SPD vorzeichnet. Allerdings bleibt die Frage offen, wie wir die Hochschulen, auch angesichts der erheblichen Preissteigerungen und Mehrbelastungen finanziell noch besser unterst\u00fctzen k\u00f6nnen. Wir brauchen hier neue Wege der Finanzierung, die nicht nur aus dem Landeshaushalt und damit aus den Steuermitteln der Allgemeinheit kommen k\u00f6nnen. Schon seit vielen Jahren fordern wir deshalb, nachgelagerte Studiengeb\u00fchren einzuf\u00fchren, um so Studierende an den Kosten der Hochschulbildung zu beteiligen, ohne dadurch die Sozialvertr\u00e4glichkeit und die Offenheit des Studiums f\u00fcr alle zu gef\u00e4hrden.\u201c<\/p>\n","protected":false},"excerpt":{"rendered":"<p>Geb\u00fchren dienen bisher nicht der Internationalisierung der Hochschulen, sondern f\u00fcllen L\u00f6cher im Landeshaushalt In der Debatte \u00fcber die Abschaffung von Studiengeb\u00fchren f\u00fcr internationale Studierende sagte der hochschulpolitische Sprecher der FDP\/DVP-Fraktion, [&#8230;]<\/p>\n","protected":false},"author":1,"featured_media":4661,"comment_status":"open","ping_status":"closed","sticky":false,"template":"","format":"standard","meta":{"footnotes":""},"categories":[34],"tags":[870,650,3449],"class_list":["post-11374","post","type-post","status-publish","format-standard","has-post-thumbnail","hentry","category-bildung","tag-dr-timm-kern","tag-fdp-dvp","tag-studiengebuehren"],"_links":{"self":[{"href":"https:\/\/fdp-aktiv.de\/blog\/wp-json\/wp\/v2\/posts\/11374","targetHints":{"allow":["GET"]}}],"collection":[{"href":"https:\/\/fdp-aktiv.de\/blog\/wp-json\/wp\/v2\/posts"}],"about":[{"href":"https:\/\/fdp-aktiv.de\/blog\/wp-json\/wp\/v2\/types\/post"}],"author":[{"embeddable":true,"href":"https:\/\/fdp-aktiv.de\/blog\/wp-json\/wp\/v2\/users\/1"}],"replies":[{"embeddable":true,"href":"https:\/\/fdp-aktiv.de\/blog\/wp-json\/wp\/v2\/comments?post=11374"}],"version-history":[{"count":1,"href":"https:\/\/fdp-aktiv.de\/blog\/wp-json\/wp\/v2\/posts\/11374\/revisions"}],"predecessor-version":[{"id":11375,"href":"https:\/\/fdp-aktiv.de\/blog\/wp-json\/wp\/v2\/posts\/11374\/revisions\/11375"}],"wp:featuredmedia":[{"embeddable":true,"href":"https:\/\/fdp-aktiv.de\/blog\/wp-json\/wp\/v2\/media\/4661"}],"wp:attachment":[{"href":"https:\/\/fdp-aktiv.de\/blog\/wp-json\/wp\/v2\/media?parent=11374"}],"wp:term":[{"taxonomy":"category","embeddable":true,"href":"https:\/\/fdp-aktiv.de\/blog\/wp-json\/wp\/v2\/categories?post=11374"},{"taxonomy":"post_tag","embeddable":true,"href":"https:\/\/fdp-aktiv.de\/blog\/wp-json\/wp\/v2\/tags?post=11374"}],"curies":[{"name":"wp","href":"https:\/\/api.w.org\/{rel}","templated":true}]}}