{"id":11473,"date":"2023-06-08T08:41:04","date_gmt":"2023-06-08T06:41:04","guid":{"rendered":"https:\/\/fdp-aktiv.de\/blog\/?p=11473"},"modified":"2023-06-08T08:41:04","modified_gmt":"2023-06-08T06:41:04","slug":"hessen-dr-h-c-hahn-weiss-vollzieht-notwendigen-schritt","status":"publish","type":"post","link":"https:\/\/fdp-aktiv.de\/blog\/2023\/06\/08\/hessen-dr-h-c-hahn-weiss-vollzieht-notwendigen-schritt\/","title":{"rendered":"Hessen &#8211; DR. H.C. HAHN: Wei\u00df vollzieht notwendigen Schritt"},"content":{"rendered":"<p><strong>Marius Wei\u00df (SPD) hat heute infolge der sogenannten Parkplaketten-Aff\u00e4re den Vorsitz des Hanau-Untersuchungsausschusses niedergelegt. Dazu erkl\u00e4rt der Vizepr\u00e4sident des Hessischen Landtages und Obmann der Fraktion der Freien Demokraten im UNA 20\/2, Dr. h.c. J\u00f6rg-Uwe HAHN:<\/strong><\/p>\n<p>\u201eMarius Wei\u00df hat heute einen notwendigen Schritt vollzogen. Der Schritt war vor allem deshalb notwendig, weil es sich um den Vorsitz eines sensiblen Ausschusses handelt, in dem es um Glaubw\u00fcrdigkeit geht. Diese Glaubw\u00fcrdigkeit muss auch f\u00fcr den Vorsitzenden gelten.\u201c<\/p>\n","protected":false},"excerpt":{"rendered":"<p>Marius Wei\u00df (SPD) hat heute infolge der sogenannten Parkplaketten-Aff\u00e4re den Vorsitz des Hanau-Untersuchungsausschusses niedergelegt. Dazu erkl\u00e4rt der Vizepr\u00e4sident des Hessischen Landtages und Obmann der Fraktion der Freien Demokraten im UNA [&#8230;]<\/p>\n","protected":false},"author":1,"featured_media":5254,"comment_status":"open","ping_status":"closed","sticky":false,"template":"","format":"standard","meta":{"footnotes":""},"categories":[536],"tags":[2479,635],"class_list":["post-11473","post","type-post","status-publish","format-standard","has-post-thumbnail","hentry","category-sicherheit","tag-dr-joerg-uwe-hahn","tag-fdp-hessen"],"_links":{"self":[{"href":"https:\/\/fdp-aktiv.de\/blog\/wp-json\/wp\/v2\/posts\/11473","targetHints":{"allow":["GET"]}}],"collection":[{"href":"https:\/\/fdp-aktiv.de\/blog\/wp-json\/wp\/v2\/posts"}],"about":[{"href":"https:\/\/fdp-aktiv.de\/blog\/wp-json\/wp\/v2\/types\/post"}],"author":[{"embeddable":true,"href":"https:\/\/fdp-aktiv.de\/blog\/wp-json\/wp\/v2\/users\/1"}],"replies":[{"embeddable":true,"href":"https:\/\/fdp-aktiv.de\/blog\/wp-json\/wp\/v2\/comments?post=11473"}],"version-history":[{"count":1,"href":"https:\/\/fdp-aktiv.de\/blog\/wp-json\/wp\/v2\/posts\/11473\/revisions"}],"predecessor-version":[{"id":11486,"href":"https:\/\/fdp-aktiv.de\/blog\/wp-json\/wp\/v2\/posts\/11473\/revisions\/11486"}],"wp:featuredmedia":[{"embeddable":true,"href":"https:\/\/fdp-aktiv.de\/blog\/wp-json\/wp\/v2\/media\/5254"}],"wp:attachment":[{"href":"https:\/\/fdp-aktiv.de\/blog\/wp-json\/wp\/v2\/media?parent=11473"}],"wp:term":[{"taxonomy":"category","embeddable":true,"href":"https:\/\/fdp-aktiv.de\/blog\/wp-json\/wp\/v2\/categories?post=11473"},{"taxonomy":"post_tag","embeddable":true,"href":"https:\/\/fdp-aktiv.de\/blog\/wp-json\/wp\/v2\/tags?post=11473"}],"curies":[{"name":"wp","href":"https:\/\/api.w.org\/{rel}","templated":true}]}}