{"id":1148,"date":"2021-04-29T10:27:50","date_gmt":"2021-04-29T08:27:50","guid":{"rendered":"https:\/\/fdp-aktiv.de\/blog\/?p=1148"},"modified":"2021-04-29T10:27:50","modified_gmt":"2021-04-29T08:27:50","slug":"statement-von-susanne-schuetz-zum-ende-der-pflegekammer","status":"publish","type":"post","link":"https:\/\/fdp-aktiv.de\/blog\/2021\/04\/29\/statement-von-susanne-schuetz-zum-ende-der-pflegekammer\/","title":{"rendered":"Statement von Susanne Sch\u00fctz zum Ende der Pflegekammer"},"content":{"rendered":"<p>Der Nieders\u00e4chsische Landtag beschloss am Mittwoch final die Abwicklung der Pflegekammer. Dazu erkl\u00e4rt die gesundheits- und sozialpolitische Sprecherin der FDP-Landtagsfraktion, Susanne Sch\u00fctz:<\/p>\n<p><img loading=\"lazy\" decoding=\"async\" class=\"\" src=\"https:\/\/fdp-nds.de\/sites\/default\/files\/styles\/uv_full_content_16_9\/public\/sync\/2020-11\/Schuetz_750x422-822.png?itok=lYGL-HXY\" alt=\"Susanne Sch\u00fctz MdL\" width=\"487\" height=\"274\" \/><\/p>\n<p>&#8220;Die FDP-Fraktion hat sich schon zu Beginn dieses gescheiterten Projekts gegen die Einrichtung der Pflegekammer ausgesprochen, denn die Kammer sollte zwar als Sprachrohr der Pflegekr\u00e4fte f\u00fcr bessere Arbeitsbedingungen auftreten, hatte aber unz\u00e4hlige Konstruktionsfehler. Wir lehnten von Anfang an den Ansatz ab, die Pflegekr\u00e4fte zwangsweise zu verkammern und gleichzeitig eine gro\u00dfe Anzahl der Pflegehilfskr\u00e4fte von der Vertretung auszuschlie\u00dfen. Vor allem aber war die Pflegekammer komplett \u00fcberfl\u00fcssig: Viele Aufgaben, wie die Fortbildung der Pflegekr\u00e4fte, waren bereits anderweitig deutlich besser organisiert und bei Tarifverhandlungen stand sie vor der T\u00fcr.<\/p>\n<p>Wir brauchen weiterhin dringend L\u00f6sungen, um die Pflege zu st\u00e4rken. Die Attraktivit\u00e4t des Berufs muss gesteigert werden durch angemessene Bezahlung, Fortbildungs- und Aufstiegsm\u00f6glichkeiten und mehr Augenh\u00f6he mit anderen Beteiligten im Gesundheitssystem. Die generalisierte Ausbildung darf nicht zu einem weiteren R\u00fcckgang der Ausbildungspl\u00e4tze f\u00fchren und muss durch flexiblere M\u00f6glichkeiten von Nach- und Zusatzqualifikationen die Perspektive f\u00fcr beruflichen Aufstieg bieten.<\/p>\n<p>Pflegeberufe sind nicht nur gesellschaftlich wichtig und f\u00fcr die Krankenversorgung notwendig. Sie k\u00f6nnen vor allem f\u00fcr\u00a0die und den Einzelnen\u00a0erf\u00fcllend sein. Die Mischung aus Arbeit mit Menschen und praktischer Hilfe kann faszinierend und abwechslungsreich sein. Der abendliche Applaus vor einem Jahr war immerhin eine Respektbekundung vieler Menschen angesichts des Kampfes, den die Pflegekr\u00e4fte an der vordersten Front gegen das Coronavirus f\u00fchrten. Nun muss mehr kommen als Applaus.&#8221;<\/p>\n<p>&nbsp;<\/p>\n<h3>Original Content<\/h3>\n<p><a href=\"https:\/\/fdp-nds.de\/\">Pressestelle FDP-nds.de\u00a0<\/a> \u00a0&#8211;\u00a0 \u00a029.04.21\u00a0 \u00a0&#8211;\u00a0 \u00a006:30 Uhr<\/p>\n<p>&nbsp;<\/p>\n<h3>Weitere Themen:<\/h3>\n<ul>\n<li><a title=\"Lars Alt: Neustart braucht Vorbereitung \u2013 Kultur muss raus aus der Quarant\u00e4ne\" href=\"https:\/\/fdp-aktiv.de\/blog\/2021\/04\/28\/lars-alt-neustart-braucht-vorbereitung-kultur-muss-raus-aus-der-quarantaene\/\">Lars Alt: Neustart braucht Vorbereitung \u2013 Kultur muss raus aus der Quarant\u00e4ne<\/a><\/li>\n<li><a href=\"https:\/\/fdp-aktiv.de\/blog\/2021\/01\/18\/fdp-fordert-rasche-impfung-von-patienten-in-intensivpflege\/\">FDP fordert rasche Impfung von Patienten in Intensivpflege<\/a><\/li>\n<\/ul>\n<p>&nbsp;<\/p>\n<p>&nbsp;<\/p>\n","protected":false},"excerpt":{"rendered":"<p>Der Nieders\u00e4chsische Landtag beschloss am Mittwoch final die Abwicklung der Pflegekammer. Dazu erkl\u00e4rt die gesundheits- und sozialpolitische Sprecherin der FDP-Landtagsfraktion, Susanne Sch\u00fctz: &#8220;Die FDP-Fraktion hat sich schon zu Beginn dieses [&#8230;]<\/p>\n","protected":false},"author":1,"featured_media":0,"comment_status":"open","ping_status":"closed","sticky":false,"template":"","format":"standard","meta":{"footnotes":""},"categories":[123],"tags":[638,645,644],"class_list":["post-1148","post","type-post","status-publish","format-standard","hentry","category-gesundheit","tag-fdp-nds","tag-krankenversorgung","tag-pflegekammer"],"_links":{"self":[{"href":"https:\/\/fdp-aktiv.de\/blog\/wp-json\/wp\/v2\/posts\/1148","targetHints":{"allow":["GET"]}}],"collection":[{"href":"https:\/\/fdp-aktiv.de\/blog\/wp-json\/wp\/v2\/posts"}],"about":[{"href":"https:\/\/fdp-aktiv.de\/blog\/wp-json\/wp\/v2\/types\/post"}],"author":[{"embeddable":true,"href":"https:\/\/fdp-aktiv.de\/blog\/wp-json\/wp\/v2\/users\/1"}],"replies":[{"embeddable":true,"href":"https:\/\/fdp-aktiv.de\/blog\/wp-json\/wp\/v2\/comments?post=1148"}],"version-history":[{"count":1,"href":"https:\/\/fdp-aktiv.de\/blog\/wp-json\/wp\/v2\/posts\/1148\/revisions"}],"predecessor-version":[{"id":1149,"href":"https:\/\/fdp-aktiv.de\/blog\/wp-json\/wp\/v2\/posts\/1148\/revisions\/1149"}],"wp:attachment":[{"href":"https:\/\/fdp-aktiv.de\/blog\/wp-json\/wp\/v2\/media?parent=1148"}],"wp:term":[{"taxonomy":"category","embeddable":true,"href":"https:\/\/fdp-aktiv.de\/blog\/wp-json\/wp\/v2\/categories?post=1148"},{"taxonomy":"post_tag","embeddable":true,"href":"https:\/\/fdp-aktiv.de\/blog\/wp-json\/wp\/v2\/tags?post=1148"}],"curies":[{"name":"wp","href":"https:\/\/api.w.org\/{rel}","templated":true}]}}