{"id":11480,"date":"2023-06-08T08:45:27","date_gmt":"2023-06-08T06:45:27","guid":{"rendered":"https:\/\/fdp-aktiv.de\/blog\/?p=11480"},"modified":"2023-06-08T08:45:27","modified_gmt":"2023-06-08T06:45:27","slug":"brandenburg-zyon-braun-aeusserte-sich-zum-ergebnislosen-fluechtlingsgipfel-der-landesregierung-und-forderte-landeseigene-abschiebehaftplaetze-um-rueckfuehrungen-von-personen-ohne-bleibeperspektive","status":"publish","type":"post","link":"https:\/\/fdp-aktiv.de\/blog\/2023\/06\/08\/brandenburg-zyon-braun-aeusserte-sich-zum-ergebnislosen-fluechtlingsgipfel-der-landesregierung-und-forderte-landeseigene-abschiebehaftplaetze-um-rueckfuehrungen-von-personen-ohne-bleibeperspektive\/","title":{"rendered":"Brandenburg: Zyon Braun, \u00e4u\u00dferte sich zum ergebnislosen Fl\u00fcchtlingsgipfel der Landesregierung und forderte landeseigene Abschiebehaftpl\u00e4tze, um R\u00fcckf\u00fchrungen von Personen ohne Bleibeperspektive sicherzustellen."},"content":{"rendered":"<p>\u201cEin Fl\u00fcchtlingsgipfel ohne Beschl\u00fcsse ist eine Showveranstaltung und wird der Situation in den Kommunen nicht gerecht. Das Land muss die St\u00e4dte und Gemeinden bei der Schaffung von Schulpl\u00e4tzen aus eigener Kraft unterst\u00fctzen und darf die Forderungen nicht nur an den Bund verweisen.\u201d<\/p>\n<figure id=\"attachment_11458\" aria-describedby=\"caption-attachment-11458\" style=\"width: 1024px\" class=\"wp-caption aligncenter\"><a href=\"https:\/\/fdp-aktiv.de\/blog\/wp-content\/uploads\/2023\/06\/Braun2.jpeg\"><img loading=\"lazy\" decoding=\"async\" class=\"size-full wp-image-11458\" src=\"https:\/\/fdp-aktiv.de\/blog\/wp-content\/uploads\/2023\/06\/Braun2.jpeg\" alt=\"Zyon Braun\" width=\"1024\" height=\"683\" srcset=\"https:\/\/fdp-aktiv.de\/blog\/wp-content\/uploads\/2023\/06\/Braun2.jpeg 1024w, https:\/\/fdp-aktiv.de\/blog\/wp-content\/uploads\/2023\/06\/Braun2-300x200.jpeg 300w, https:\/\/fdp-aktiv.de\/blog\/wp-content\/uploads\/2023\/06\/Braun2-768x512.jpeg 768w\" sizes=\"auto, (max-width: 1024px) 100vw, 1024px\" \/><\/a><figcaption id=\"caption-attachment-11458\" class=\"wp-caption-text\">Zyon Braun<\/figcaption><\/figure>\n<p>Die Forderungen nach Grenzkontrollen bezeichnete Braun als Feigenblatt in einer Scheindebatte.<\/p>\n<p>&nbsp;<\/p>\n<p>\u201cGrenzkontrollen werden keinen Effekt haben, weil es nicht zu Zur\u00fcckweisungen kommen wird. Vielmehr braucht es bessere Voraussetzungen um R\u00fcckf\u00fchrungen sicherzustellen. Brandenburg muss wieder \u00fcber eigene Abschiebehaftpl\u00e4tze verf\u00fcgen und darf nicht auf die Amtshilfe anderer L\u00e4nder angewiesen sein. Die Menschen erwarten einen funktionierenden Rechtsstaat, der seine Aufgaben aus eigener Kraft bew\u00e4ltigen kann\u201d, so Braun.<\/p>\n","protected":false},"excerpt":{"rendered":"<p>\u201cEin Fl\u00fcchtlingsgipfel ohne Beschl\u00fcsse ist eine Showveranstaltung und wird der Situation in den Kommunen nicht gerecht. Das Land muss die St\u00e4dte und Gemeinden bei der Schaffung von Schulpl\u00e4tzen aus eigener [&#8230;]<\/p>\n","protected":false},"author":1,"featured_media":11458,"comment_status":"open","ping_status":"closed","sticky":false,"template":"","format":"standard","meta":{"footnotes":""},"categories":[5,536],"tags":[2135,2065,3342,340,3469,2134],"class_list":["post-11480","post","type-post","status-publish","format-standard","has-post-thumbnail","hentry","category-aussenpolitik","category-sicherheit","tag-fdp-brandenburg","tag-fluechtlinge","tag-fluechtlingsgipfel","tag-grenzkontrollen","tag-rueckfuehrungen","tag-zyon-braun"],"_links":{"self":[{"href":"https:\/\/fdp-aktiv.de\/blog\/wp-json\/wp\/v2\/posts\/11480","targetHints":{"allow":["GET"]}}],"collection":[{"href":"https:\/\/fdp-aktiv.de\/blog\/wp-json\/wp\/v2\/posts"}],"about":[{"href":"https:\/\/fdp-aktiv.de\/blog\/wp-json\/wp\/v2\/types\/post"}],"author":[{"embeddable":true,"href":"https:\/\/fdp-aktiv.de\/blog\/wp-json\/wp\/v2\/users\/1"}],"replies":[{"embeddable":true,"href":"https:\/\/fdp-aktiv.de\/blog\/wp-json\/wp\/v2\/comments?post=11480"}],"version-history":[{"count":1,"href":"https:\/\/fdp-aktiv.de\/blog\/wp-json\/wp\/v2\/posts\/11480\/revisions"}],"predecessor-version":[{"id":11488,"href":"https:\/\/fdp-aktiv.de\/blog\/wp-json\/wp\/v2\/posts\/11480\/revisions\/11488"}],"wp:featuredmedia":[{"embeddable":true,"href":"https:\/\/fdp-aktiv.de\/blog\/wp-json\/wp\/v2\/media\/11458"}],"wp:attachment":[{"href":"https:\/\/fdp-aktiv.de\/blog\/wp-json\/wp\/v2\/media?parent=11480"}],"wp:term":[{"taxonomy":"category","embeddable":true,"href":"https:\/\/fdp-aktiv.de\/blog\/wp-json\/wp\/v2\/categories?post=11480"},{"taxonomy":"post_tag","embeddable":true,"href":"https:\/\/fdp-aktiv.de\/blog\/wp-json\/wp\/v2\/tags?post=11480"}],"curies":[{"name":"wp","href":"https:\/\/api.w.org\/{rel}","templated":true}]}}