{"id":11571,"date":"2023-06-12T09:44:30","date_gmt":"2023-06-12T07:44:30","guid":{"rendered":"https:\/\/fdp-aktiv.de\/blog\/?p=11571"},"modified":"2023-06-12T09:49:31","modified_gmt":"2023-06-12T07:49:31","slug":"berlin-lars-f-lindemann-mdb-generalsekretaer-der-fdp-berlin-zu-der-von-den-ordnungsaemtern-angekuendigten-aktionswoche-gegen-illegal-abgeladenen-muell-in-berlin","status":"publish","type":"post","link":"https:\/\/fdp-aktiv.de\/blog\/2023\/06\/12\/berlin-lars-f-lindemann-mdb-generalsekretaer-der-fdp-berlin-zu-der-von-den-ordnungsaemtern-angekuendigten-aktionswoche-gegen-illegal-abgeladenen-muell-in-berlin\/","title":{"rendered":"BERLIN &#8211; Lars F. Lindemann MdB, Generalsekret\u00e4r der FDP Berlin, zu der von den Ordnungs\u00e4mtern angek\u00fcndigten Aktionswoche gegen illegal abgeladenen M\u00fcll in Berlin:"},"content":{"rendered":"<figure id=\"attachment_10345\" aria-describedby=\"caption-attachment-10345\" style=\"width: 800px\" class=\"wp-caption aligncenter\"><a href=\"https:\/\/fdp-aktiv.de\/blog\/wp-content\/uploads\/2023\/03\/LL_05237-min-scaled.jpg\"><img loading=\"lazy\" decoding=\"async\" class=\"size-large wp-image-10345\" src=\"https:\/\/fdp-aktiv.de\/blog\/wp-content\/uploads\/2023\/03\/LL_05237-min-1024x683.jpg\" alt=\"Lars Lindemann\" width=\"800\" height=\"534\" srcset=\"https:\/\/fdp-aktiv.de\/blog\/wp-content\/uploads\/2023\/03\/LL_05237-min-1024x683.jpg 1024w, https:\/\/fdp-aktiv.de\/blog\/wp-content\/uploads\/2023\/03\/LL_05237-min-300x200.jpg 300w, https:\/\/fdp-aktiv.de\/blog\/wp-content\/uploads\/2023\/03\/LL_05237-min-768x512.jpg 768w, https:\/\/fdp-aktiv.de\/blog\/wp-content\/uploads\/2023\/03\/LL_05237-min-1536x1025.jpg 1536w, https:\/\/fdp-aktiv.de\/blog\/wp-content\/uploads\/2023\/03\/LL_05237-min-2048x1366.jpg 2048w\" sizes=\"auto, (max-width: 800px) 100vw, 800px\" \/><\/a><figcaption id=\"caption-attachment-10345\" class=\"wp-caption-text\">Lars Lindemann<\/figcaption><\/figure>\n<p><i>\u201eBerlin hat nicht nur ein erhebliches Problem mit Verm\u00fcllung und deren Bek\u00e4mpfung. Es geht auch jeder Bezirk anders damit um. In manchen Bezirken legt das Ordnungsamt ein starkes Augenmerk auf das Thema, andere Bezirke nehmen sich des Themas nur im Rahmen der begrenzten personellen Verf\u00fcgbarkeiten an. V\u00f6llig unterschiedlich werden auch die Ordnungswidrigkeiten in den verschiedenen Bezirken geahndet. So werden in einigen Bezirken die Ordnungswidrigkeiten mithilfe eines Bu\u00dfgeldkatalogs verfolgt. In anderen Bezirken werden dieselben Ordnungswidrigkeiten nicht\u00a0geahndet. Darum m\u00fcssen die Berliner Bezirke endlich einheitlich mit dem Problem umgehen. Dazu geh\u00f6rt, dass die Bu\u00dfgelder in empfindlicher H\u00f6he auch wirklich konsequent verh\u00e4ngt und vollstreckt werden. Die Stadt ben\u00f6tigt hierzu eine funktionierende Verwaltung, weil Sperrm\u00fcll, Elektroschrott oder Alttextilien nicht Alltag in der Berliner Stra\u00dfenlandschaft bleiben d\u00fcrfen. Hierauf m\u00fcssen sich Senat und Bezirke konzentrieren.\u201c<\/i><\/p>\n","protected":false},"excerpt":{"rendered":"<p>\u201eBerlin hat nicht nur ein erhebliches Problem mit Verm\u00fcllung und deren Bek\u00e4mpfung. Es geht auch jeder Bezirk anders damit um. In manchen Bezirken legt das Ordnungsamt ein starkes Augenmerk auf [&#8230;]<\/p>\n","protected":false},"author":1,"featured_media":10345,"comment_status":"open","ping_status":"closed","sticky":false,"template":"","format":"standard","meta":{"footnotes":""},"categories":[8],"tags":[3492,3491,706,3242,3489,3490],"class_list":["post-11571","post","type-post","status-publish","format-standard","has-post-thumbnail","hentry","category-wirtschaft","tag-bussgelder","tag-elektroschrott","tag-fdp-berlin","tag-lars-lindemann","tag-muell","tag-sperrmuell"],"_links":{"self":[{"href":"https:\/\/fdp-aktiv.de\/blog\/wp-json\/wp\/v2\/posts\/11571","targetHints":{"allow":["GET"]}}],"collection":[{"href":"https:\/\/fdp-aktiv.de\/blog\/wp-json\/wp\/v2\/posts"}],"about":[{"href":"https:\/\/fdp-aktiv.de\/blog\/wp-json\/wp\/v2\/types\/post"}],"author":[{"embeddable":true,"href":"https:\/\/fdp-aktiv.de\/blog\/wp-json\/wp\/v2\/users\/1"}],"replies":[{"embeddable":true,"href":"https:\/\/fdp-aktiv.de\/blog\/wp-json\/wp\/v2\/comments?post=11571"}],"version-history":[{"count":1,"href":"https:\/\/fdp-aktiv.de\/blog\/wp-json\/wp\/v2\/posts\/11571\/revisions"}],"predecessor-version":[{"id":11572,"href":"https:\/\/fdp-aktiv.de\/blog\/wp-json\/wp\/v2\/posts\/11571\/revisions\/11572"}],"wp:featuredmedia":[{"embeddable":true,"href":"https:\/\/fdp-aktiv.de\/blog\/wp-json\/wp\/v2\/media\/10345"}],"wp:attachment":[{"href":"https:\/\/fdp-aktiv.de\/blog\/wp-json\/wp\/v2\/media?parent=11571"}],"wp:term":[{"taxonomy":"category","embeddable":true,"href":"https:\/\/fdp-aktiv.de\/blog\/wp-json\/wp\/v2\/categories?post=11571"},{"taxonomy":"post_tag","embeddable":true,"href":"https:\/\/fdp-aktiv.de\/blog\/wp-json\/wp\/v2\/tags?post=11571"}],"curies":[{"name":"wp","href":"https:\/\/api.w.org\/{rel}","templated":true}]}}