{"id":11595,"date":"2023-06-14T11:37:26","date_gmt":"2023-06-14T09:37:26","guid":{"rendered":"https:\/\/fdp-aktiv.de\/blog\/?p=11595"},"modified":"2023-06-14T11:37:26","modified_gmt":"2023-06-14T09:37:26","slug":"hamburg-kruse-hafenflaechen-mit-buntstift-zu-bemalen-ist-kein-zukunftskonzept","status":"publish","type":"post","link":"https:\/\/fdp-aktiv.de\/blog\/2023\/06\/14\/hamburg-kruse-hafenflaechen-mit-buntstift-zu-bemalen-ist-kein-zukunftskonzept\/","title":{"rendered":"Hamburg-Kruse: Hafenfl\u00e4chen mit Buntstift zu bemalen ist kein Zukunftskonzept"},"content":{"rendered":"<p class=\"moz-quote-pre\">Zum Hafenentwicklungsplan erkl\u00e4rt Michael Kruse, FDP-Bundestagsabgeordneter aus Hamburg:<\/p>\n<figure id=\"attachment_3130\" aria-describedby=\"caption-attachment-3130\" style=\"width: 800px\" class=\"wp-caption aligncenter\"><a href=\"https:\/\/fdp-aktiv.de\/blog\/wp-content\/uploads\/2021\/11\/Kruse.jpg\"><img loading=\"lazy\" decoding=\"async\" class=\"size-large wp-image-3130\" src=\"https:\/\/fdp-aktiv.de\/blog\/wp-content\/uploads\/2021\/11\/Kruse-1024x683.jpg\" alt=\"FDP Michael Kruse\" width=\"800\" height=\"534\" srcset=\"https:\/\/fdp-aktiv.de\/blog\/wp-content\/uploads\/2021\/11\/Kruse-1024x683.jpg 1024w, https:\/\/fdp-aktiv.de\/blog\/wp-content\/uploads\/2021\/11\/Kruse-300x200.jpg 300w, https:\/\/fdp-aktiv.de\/blog\/wp-content\/uploads\/2021\/11\/Kruse-768x512.jpg 768w, https:\/\/fdp-aktiv.de\/blog\/wp-content\/uploads\/2021\/11\/Kruse.jpg 1280w\" sizes=\"auto, (max-width: 800px) 100vw, 800px\" \/><\/a><figcaption id=\"caption-attachment-3130\" class=\"wp-caption-text\">FDP Michael Kruse, Hamburg, 08.07.2021<\/figcaption><\/figure>\n<p class=\"moz-quote-pre\">&#8220;Hafenfl\u00e4chen mit Buntstift zu bemalen, ist kein Zukunftskonzept f\u00fcr Deutschlands gr\u00f6\u00dften Universalhafen. Die letzten Jahre wurden gen\u00fcgend Metadebatten gef\u00fchrt, das entbindet den Senat nicht von konkreten Planungen. Es ist Zeit zum Handeln. In wichtigen Themenbereichen ist der Senat die Erf\u00fcllung der Ziele aus dem letzten Hafenentwicklungsplan schuldig geblieben. Gro\u00dfe Themenbereiche wie die Digitalisierung werden \u00fcber smartPort-Projekte mit immer neuen Pilotprojekten belegt, ohne dass diese jemals in den Regelbetrieb \u00fcberf\u00fchrt werden w\u00fcrden. Bei der Infrastruktur gibt es sp\u00e4testens seit der Planungs-Panne bei der K\u00f6hlbrandquerung mehr R\u00fcck- als Fortschritte. Seit dem letzten Hafenentwicklungsplan ist die Liste der gro\u00dfen Hafen-Infrastrukturprojekte, die nicht erledigt sind, angewachsen, nun droht der Hafen sogar ohne die wichtige K\u00f6hlbrandquerung von der A7 abgeschnitten zu werden. B\u00fcrgermeister Tschentscher hatte 2018 seine erste Rede beim Hafenempfang gehalten &#8211; die damals geweckten Erwartungen werden seitdem anhaltend entt\u00e4uscht. Der Verweis auf die LoCo-Quote im Hamburger Hafen ist richtig, aber auch diese Waren werden \u00fcber den Hamburger Hafen transportiert. Die angek\u00fcndigte Ambitionslosigkeit des rot-gr\u00fcnen Senats folgt der Logik: Nichts geschafft, deswegen wollen wir jetzt weniger. Tats\u00e4chlich m\u00fcsste der Senat nun an einem Strang ziehen, um den Hafen aus der Krise zu f\u00fchren. Dieser Hafenentwicklungsplan wird den Hafen nicht aus der politisch verschuldeten Krise f\u00fchren.&#8221;<\/p>\n","protected":false},"excerpt":{"rendered":"<p>Zum Hafenentwicklungsplan erkl\u00e4rt Michael Kruse, FDP-Bundestagsabgeordneter aus Hamburg: &#8220;Hafenfl\u00e4chen mit Buntstift zu bemalen, ist kein Zukunftskonzept f\u00fcr Deutschlands gr\u00f6\u00dften Universalhafen. Die letzten Jahre wurden gen\u00fcgend Metadebatten gef\u00fchrt, das entbindet den [&#8230;]<\/p>\n","protected":false},"author":1,"featured_media":3130,"comment_status":"open","ping_status":"closed","sticky":false,"template":"","format":"standard","meta":{"footnotes":""},"categories":[144],"tags":[1387,1539,2779,1390],"class_list":["post-11595","post","type-post","status-publish","format-standard","has-post-thumbnail","hentry","category-verkehr-innenpolitik","tag-fdp-hamburg","tag-hafenpolitik","tag-hamburger-hafen","tag-michael-kruse"],"_links":{"self":[{"href":"https:\/\/fdp-aktiv.de\/blog\/wp-json\/wp\/v2\/posts\/11595","targetHints":{"allow":["GET"]}}],"collection":[{"href":"https:\/\/fdp-aktiv.de\/blog\/wp-json\/wp\/v2\/posts"}],"about":[{"href":"https:\/\/fdp-aktiv.de\/blog\/wp-json\/wp\/v2\/types\/post"}],"author":[{"embeddable":true,"href":"https:\/\/fdp-aktiv.de\/blog\/wp-json\/wp\/v2\/users\/1"}],"replies":[{"embeddable":true,"href":"https:\/\/fdp-aktiv.de\/blog\/wp-json\/wp\/v2\/comments?post=11595"}],"version-history":[{"count":1,"href":"https:\/\/fdp-aktiv.de\/blog\/wp-json\/wp\/v2\/posts\/11595\/revisions"}],"predecessor-version":[{"id":11603,"href":"https:\/\/fdp-aktiv.de\/blog\/wp-json\/wp\/v2\/posts\/11595\/revisions\/11603"}],"wp:featuredmedia":[{"embeddable":true,"href":"https:\/\/fdp-aktiv.de\/blog\/wp-json\/wp\/v2\/media\/3130"}],"wp:attachment":[{"href":"https:\/\/fdp-aktiv.de\/blog\/wp-json\/wp\/v2\/media?parent=11595"}],"wp:term":[{"taxonomy":"category","embeddable":true,"href":"https:\/\/fdp-aktiv.de\/blog\/wp-json\/wp\/v2\/categories?post=11595"},{"taxonomy":"post_tag","embeddable":true,"href":"https:\/\/fdp-aktiv.de\/blog\/wp-json\/wp\/v2\/tags?post=11595"}],"curies":[{"name":"wp","href":"https:\/\/api.w.org\/{rel}","templated":true}]}}