{"id":11599,"date":"2023-06-14T11:52:29","date_gmt":"2023-06-14T09:52:29","guid":{"rendered":"https:\/\/fdp-aktiv.de\/blog\/?p=11599"},"modified":"2023-06-14T11:52:29","modified_gmt":"2023-06-14T09:52:29","slug":"baden-wuerttemberg-ruelke-endlich-ist-auch-die-regierung-zur-rueckkehr-zu-g9-bereit","status":"publish","type":"post","link":"https:\/\/fdp-aktiv.de\/blog\/2023\/06\/14\/baden-wuerttemberg-ruelke-endlich-ist-auch-die-regierung-zur-rueckkehr-zu-g9-bereit\/","title":{"rendered":"Baden-W\u00fcrttemberg &#8211; R\u00fclke: Endlich ist auch die Regierung zur R\u00fcckkehr zu G9 bereit"},"content":{"rendered":"<p>Langwierige Laberrunden dazu aber nicht notwendig<\/p>\n<figure id=\"attachment_1526\" aria-describedby=\"caption-attachment-1526\" style=\"width: 800px\" class=\"wp-caption aligncenter\"><a href=\"https:\/\/fdp-aktiv.de\/blog\/wp-content\/uploads\/2021\/06\/Dr._Hans_Ulrich_Ruelke_FDP_BW.jpg\"><img loading=\"lazy\" decoding=\"async\" class=\"size-large wp-image-1526\" src=\"https:\/\/fdp-aktiv.de\/blog\/wp-content\/uploads\/2021\/06\/Dr._Hans_Ulrich_Ruelke_FDP_BW-1024x682.jpg\" alt=\"Dr. Hans Ulrich R\u00fclke\" width=\"800\" height=\"533\" srcset=\"https:\/\/fdp-aktiv.de\/blog\/wp-content\/uploads\/2021\/06\/Dr._Hans_Ulrich_Ruelke_FDP_BW-1024x682.jpg 1024w, https:\/\/fdp-aktiv.de\/blog\/wp-content\/uploads\/2021\/06\/Dr._Hans_Ulrich_Ruelke_FDP_BW-300x200.jpg 300w, https:\/\/fdp-aktiv.de\/blog\/wp-content\/uploads\/2021\/06\/Dr._Hans_Ulrich_Ruelke_FDP_BW-768x512.jpg 768w, https:\/\/fdp-aktiv.de\/blog\/wp-content\/uploads\/2021\/06\/Dr._Hans_Ulrich_Ruelke_FDP_BW.jpg 1030w\" sizes=\"auto, (max-width: 800px) 100vw, 800px\" \/><\/a><figcaption id=\"caption-attachment-1526\" class=\"wp-caption-text\">Dr. Hans Ulrich R\u00fclke<\/figcaption><\/figure>\n<p>Zur Aussage des Ministerpr\u00e4sidenten, die Landesregierung sei offen f\u00fcr die R\u00fcckkehr zum neunj\u00e4hrigen Gymnasium und strebe hierzu nun ein Beteiligungsverfahren f\u00fcr B\u00fcrgerinnen und B\u00fcrger an sagt der Vorsitzende der FDP\/DVP-Fraktion, <strong>Dr. Hans-Ulrich R\u00fclke<\/strong>:<\/p>\n<p>&nbsp;<\/p>\n<p>\u201eIch begr\u00fc\u00dfe die neue Offenheit der Landeregierung f\u00fcr die R\u00fcckkehr zu neunj\u00e4hrigen Gymnasium. Offenbar wirkt der Druck der FDP-Fraktion, die das schon seit einiger Zeit immer wieder als wichtigen Bestandteil f\u00fcr eine bessere Bildung in Baden-W\u00fcrttemberg fordert.<\/p>\n<p>Allerdings brauchen wir dazu kein Spiel auf Zeit mit langwierigen Laberrunden, sondern es gilt: Einfach machen! Das ist nicht kompliziert: Die Bev\u00f6lkerung will es, und f\u00fcr die Sch\u00fcler ist es gut.\u201c<\/p>\n","protected":false},"excerpt":{"rendered":"<p>Langwierige Laberrunden dazu aber nicht notwendig Zur Aussage des Ministerpr\u00e4sidenten, die Landesregierung sei offen f\u00fcr die R\u00fcckkehr zum neunj\u00e4hrigen Gymnasium und strebe hierzu nun ein Beteiligungsverfahren f\u00fcr B\u00fcrgerinnen und B\u00fcrger [&#8230;]<\/p>\n","protected":false},"author":1,"featured_media":1526,"comment_status":"open","ping_status":"closed","sticky":false,"template":"","format":"standard","meta":{"footnotes":""},"categories":[34],"tags":[3186,842,650,2252],"class_list":["post-11599","post","type-post","status-publish","format-standard","has-post-thumbnail","hentry","category-bildung","tag-abitur","tag-dr-hans-ulrich-ruelke","tag-fdp-dvp","tag-g9"],"_links":{"self":[{"href":"https:\/\/fdp-aktiv.de\/blog\/wp-json\/wp\/v2\/posts\/11599","targetHints":{"allow":["GET"]}}],"collection":[{"href":"https:\/\/fdp-aktiv.de\/blog\/wp-json\/wp\/v2\/posts"}],"about":[{"href":"https:\/\/fdp-aktiv.de\/blog\/wp-json\/wp\/v2\/types\/post"}],"author":[{"embeddable":true,"href":"https:\/\/fdp-aktiv.de\/blog\/wp-json\/wp\/v2\/users\/1"}],"replies":[{"embeddable":true,"href":"https:\/\/fdp-aktiv.de\/blog\/wp-json\/wp\/v2\/comments?post=11599"}],"version-history":[{"count":1,"href":"https:\/\/fdp-aktiv.de\/blog\/wp-json\/wp\/v2\/posts\/11599\/revisions"}],"predecessor-version":[{"id":11613,"href":"https:\/\/fdp-aktiv.de\/blog\/wp-json\/wp\/v2\/posts\/11599\/revisions\/11613"}],"wp:featuredmedia":[{"embeddable":true,"href":"https:\/\/fdp-aktiv.de\/blog\/wp-json\/wp\/v2\/media\/1526"}],"wp:attachment":[{"href":"https:\/\/fdp-aktiv.de\/blog\/wp-json\/wp\/v2\/media?parent=11599"}],"wp:term":[{"taxonomy":"category","embeddable":true,"href":"https:\/\/fdp-aktiv.de\/blog\/wp-json\/wp\/v2\/categories?post=11599"},{"taxonomy":"post_tag","embeddable":true,"href":"https:\/\/fdp-aktiv.de\/blog\/wp-json\/wp\/v2\/tags?post=11599"}],"curies":[{"name":"wp","href":"https:\/\/api.w.org\/{rel}","templated":true}]}}