{"id":11632,"date":"2023-06-15T05:10:28","date_gmt":"2023-06-15T03:10:28","guid":{"rendered":"https:\/\/fdp-aktiv.de\/blog\/?p=11632"},"modified":"2023-06-15T05:10:28","modified_gmt":"2023-06-15T03:10:28","slug":"baden-wuerttemberg-ruelke-fokus-auf-windkraft-energiepolitisch-falsch","status":"publish","type":"post","link":"https:\/\/fdp-aktiv.de\/blog\/2023\/06\/15\/baden-wuerttemberg-ruelke-fokus-auf-windkraft-energiepolitisch-falsch\/","title":{"rendered":"Baden-W\u00fcrttemberg &#8211; R\u00fclke: Fokus auf Windkraft energiepolitisch falsch"},"content":{"rendered":"<p>Windkraft im windschwachen Baden-W\u00fcrttemberg nicht wettbewerbsf\u00e4hig<\/p>\n<p>Zur Meldung, wonach Ministerpr\u00e4sident Winfried Kretschmann den Ausbau der Windenergie mit einer eigenen Task Force vorantreiben will, sagte der Fraktionsvorsitzende der FDP\/DVP-Fraktion, <strong>Dr. Hans-Ulrich R\u00fclke<\/strong>:<\/p>\n<p>\u201eSeit Jahren inszeniert sich Ministerpr\u00e4sident Kretschmann als Vork\u00e4mpfer der Energiewende. Seit Jahren kommt der Ausbau der Windenergie im Land nur schleppend voran. 2021 hat Gr\u00fcn-Schwarz den Bau 1.000 neuer Windr\u00e4der verk\u00fcndet. Gebaut wurden kaum eine Handvoll. 2023 wurden 100 Anlagen zum Ziel erkl\u00e4rt. Im ersten Jahresquartal genehmigt wurde eine.<\/p>\n<p>Nicht einmal drei Terawattstunden und damit kaum ein Prozent der im Land verbrauchten Energie stammen aus der Windkraft. Im windschw\u00e4chsten aller Bundesl\u00e4nder ist die Windkraft vielerorts nicht wettbewerbsf\u00e4hig. Ihre Auslastung ist d\u00fcrftig, ihr Energiegewinn ist gering. Der einseitige Fokus auf die Windenergie ist falsch und fatal. Statt die Windenergie mit einer fragw\u00fcrdigen Task Force ordnungspolitisch zu bevorzugen, sollte Gr\u00fcn-Schwarz endlich die Netztransformation im Land vorantreiben. Der Netzausbau geh\u00f6rt in die Raumplanung, die Branche bei energiepolitischen Entscheidungsprozessen umfassend ber\u00fccksichtigt.\u201c<\/p>\n<p>&nbsp;<\/p>\n","protected":false},"excerpt":{"rendered":"<p>Windkraft im windschwachen Baden-W\u00fcrttemberg nicht wettbewerbsf\u00e4hig Zur Meldung, wonach Ministerpr\u00e4sident Winfried Kretschmann den Ausbau der Windenergie mit einer eigenen Task Force vorantreiben will, sagte der Fraktionsvorsitzende der FDP\/DVP-Fraktion, Dr. Hans-Ulrich [&#8230;]<\/p>\n","protected":false},"author":1,"featured_media":1526,"comment_status":"open","ping_status":"closed","sticky":false,"template":"","format":"standard","meta":{"footnotes":""},"categories":[1979],"tags":[842,650,1520,1519,2271],"class_list":["post-11632","post","type-post","status-publish","format-standard","has-post-thumbnail","hentry","category-energie","tag-dr-hans-ulrich-ruelke","tag-fdp-dvp","tag-windenergie","tag-windkraft","tag-windraeder"],"_links":{"self":[{"href":"https:\/\/fdp-aktiv.de\/blog\/wp-json\/wp\/v2\/posts\/11632","targetHints":{"allow":["GET"]}}],"collection":[{"href":"https:\/\/fdp-aktiv.de\/blog\/wp-json\/wp\/v2\/posts"}],"about":[{"href":"https:\/\/fdp-aktiv.de\/blog\/wp-json\/wp\/v2\/types\/post"}],"author":[{"embeddable":true,"href":"https:\/\/fdp-aktiv.de\/blog\/wp-json\/wp\/v2\/users\/1"}],"replies":[{"embeddable":true,"href":"https:\/\/fdp-aktiv.de\/blog\/wp-json\/wp\/v2\/comments?post=11632"}],"version-history":[{"count":1,"href":"https:\/\/fdp-aktiv.de\/blog\/wp-json\/wp\/v2\/posts\/11632\/revisions"}],"predecessor-version":[{"id":11638,"href":"https:\/\/fdp-aktiv.de\/blog\/wp-json\/wp\/v2\/posts\/11632\/revisions\/11638"}],"wp:featuredmedia":[{"embeddable":true,"href":"https:\/\/fdp-aktiv.de\/blog\/wp-json\/wp\/v2\/media\/1526"}],"wp:attachment":[{"href":"https:\/\/fdp-aktiv.de\/blog\/wp-json\/wp\/v2\/media?parent=11632"}],"wp:term":[{"taxonomy":"category","embeddable":true,"href":"https:\/\/fdp-aktiv.de\/blog\/wp-json\/wp\/v2\/categories?post=11632"},{"taxonomy":"post_tag","embeddable":true,"href":"https:\/\/fdp-aktiv.de\/blog\/wp-json\/wp\/v2\/tags?post=11632"}],"curies":[{"name":"wp","href":"https:\/\/api.w.org\/{rel}","templated":true}]}}