{"id":1165,"date":"2021-05-01T08:24:33","date_gmt":"2021-05-01T06:24:33","guid":{"rendered":"https:\/\/fdp-aktiv.de\/blog\/?p=1165"},"modified":"2021-08-25T08:12:04","modified_gmt":"2021-08-25T06:12:04","slug":"rheinland-pfalz-vorstellung-des-koalitionsvertrages-mit-einbeziehung-der-fdp","status":"publish","type":"post","link":"https:\/\/fdp-aktiv.de\/blog\/2021\/05\/01\/rheinland-pfalz-vorstellung-des-koalitionsvertrages-mit-einbeziehung-der-fdp\/","title":{"rendered":"Rheinland-Pfalz: Vorstellung des Koalitionsvertrages mit Einbeziehung der FDP"},"content":{"rendered":"<p>Vorstellung des Koalitionsvertrages zwischen SPD, Gr\u00fcnen und FDP, u.a. mit Ministerpr\u00e4sidentin Malu Dreyer (SPD), Anne Spiegel (Gr\u00fcne) und Daniela Schmitt (FDP).<\/p>\n<p><iframe loading=\"lazy\" title=\"Koalitionsverhandlungen in Rheinland-Pfalz: Vorstellung des Koalitionsvertrages\" width=\"800\" height=\"450\" src=\"https:\/\/www.youtube.com\/embed\/5f_sVLJ9lyU?feature=oembed\" frameborder=\"0\" allow=\"accelerometer; autoplay; clipboard-write; encrypted-media; gyroscope; picture-in-picture\" allowfullscreen><\/iframe><\/p>\n","protected":false},"excerpt":{"rendered":"<p>Vorstellung des Koalitionsvertrages zwischen SPD, Gr\u00fcnen und FDP, u.a. mit Ministerpr\u00e4sidentin Malu Dreyer (SPD), Anne Spiegel (Gr\u00fcne) und Daniela Schmitt (FDP).<\/p>\n","protected":false},"author":1,"featured_media":0,"comment_status":"open","ping_status":"closed","sticky":false,"template":"","format":"standard","meta":{"footnotes":""},"categories":[6],"tags":[662,1379,663,664],"class_list":["post-1165","post","type-post","status-publish","format-standard","hentry","category-politik","tag-daniela-schmitt","tag-fdp-rlp","tag-koalitionsvertrag","tag-rheinland-pfalz"],"_links":{"self":[{"href":"https:\/\/fdp-aktiv.de\/blog\/wp-json\/wp\/v2\/posts\/1165","targetHints":{"allow":["GET"]}}],"collection":[{"href":"https:\/\/fdp-aktiv.de\/blog\/wp-json\/wp\/v2\/posts"}],"about":[{"href":"https:\/\/fdp-aktiv.de\/blog\/wp-json\/wp\/v2\/types\/post"}],"author":[{"embeddable":true,"href":"https:\/\/fdp-aktiv.de\/blog\/wp-json\/wp\/v2\/users\/1"}],"replies":[{"embeddable":true,"href":"https:\/\/fdp-aktiv.de\/blog\/wp-json\/wp\/v2\/comments?post=1165"}],"version-history":[{"count":1,"href":"https:\/\/fdp-aktiv.de\/blog\/wp-json\/wp\/v2\/posts\/1165\/revisions"}],"predecessor-version":[{"id":1166,"href":"https:\/\/fdp-aktiv.de\/blog\/wp-json\/wp\/v2\/posts\/1165\/revisions\/1166"}],"wp:attachment":[{"href":"https:\/\/fdp-aktiv.de\/blog\/wp-json\/wp\/v2\/media?parent=1165"}],"wp:term":[{"taxonomy":"category","embeddable":true,"href":"https:\/\/fdp-aktiv.de\/blog\/wp-json\/wp\/v2\/categories?post=1165"},{"taxonomy":"post_tag","embeddable":true,"href":"https:\/\/fdp-aktiv.de\/blog\/wp-json\/wp\/v2\/tags?post=1165"}],"curies":[{"name":"wp","href":"https:\/\/api.w.org\/{rel}","templated":true}]}}