{"id":11658,"date":"2023-06-15T11:20:13","date_gmt":"2023-06-15T09:20:13","guid":{"rendered":"https:\/\/fdp-aktiv.de\/blog\/?p=11658"},"modified":"2023-06-15T11:20:13","modified_gmt":"2023-06-15T09:20:13","slug":"berlin-lars-f-lindemann-mdb-zum-neuen-mietspiegel-fuer-berlin","status":"publish","type":"post","link":"https:\/\/fdp-aktiv.de\/blog\/2023\/06\/15\/berlin-lars-f-lindemann-mdb-zum-neuen-mietspiegel-fuer-berlin\/","title":{"rendered":"BERLIN: Lars F. Lindemann MdB zum neuen Mietspiegel f\u00fcr Berlin"},"content":{"rendered":"<p>\u201eDie Zahlen des neuen Mietspiegels 2023 \u00fcberraschen nicht \u2013 bilden jedoch h\u00f6chstwahrscheinlich auch nicht die Wirklichkeit ab. Einen realistischen Bezugspunkt der Mietenentwicklung gibt es in Berlin nicht mehr. Die tats\u00e4chlichen Preise liegen sicher viel h\u00f6her bzw. m\u00fcssten auch viel h\u00f6her sein. Dies ist die verheerende Konsequenz der bisherigen Leistung des Berliner Senats in der Wohnungspolitik, die u.a. gepr\u00e4gt ist durch einen\u00a0verfassungswidrigen Mietendeckel, Mietpreisbremse, Vorkaufsrechte und die Ausweitung neuer Milieuschutzgebiete. Alles\u00a0planwirtschaftliche Pseudo-Ma\u00dfnahmen, die das Grundproblem nicht l\u00f6sen. Wir brauchen daher keinen politischen Mietspiegel wie bisher, der gerade den kleinen privaten Vermietern eine wirtschaftliche Vermarktung nahezu unm\u00f6glich macht. Berlin braucht einen Index, der die Mietentwicklung \u2013 unter Ber\u00fccksichtigung aller Ereignisse \u2013 ungesch\u00f6nt berechnet. Au\u00dferdem braucht die Stadt eine Neu-Ausbau-und Umbau-Offensive \u2013 damit w\u00e4ren faire Mieten f\u00fcr die B\u00fcrgerinnen und B\u00fcrger endlich m\u00f6glich. Sollte dies nicht passieren, ist die Abw\u00e4rtsspirale auf dem Berliner Wohnungsmarkt nicht mehr auszuhalten.\u201c<\/p>\n<p>&nbsp;<\/p>\n<p>&nbsp;<\/p>\n","protected":false},"excerpt":{"rendered":"<p>\u201eDie Zahlen des neuen Mietspiegels 2023 \u00fcberraschen nicht \u2013 bilden jedoch h\u00f6chstwahrscheinlich auch nicht die Wirklichkeit ab. Einen realistischen Bezugspunkt der Mietenentwicklung gibt es in Berlin nicht mehr. Die tats\u00e4chlichen [&#8230;]<\/p>\n","protected":false},"author":1,"featured_media":10345,"comment_status":"open","ping_status":"closed","sticky":false,"template":"","format":"standard","meta":{"footnotes":""},"categories":[207],"tags":[706,3242,2704],"class_list":["post-11658","post","type-post","status-publish","format-standard","has-post-thumbnail","hentry","category-familie-wohnen","tag-fdp-berlin","tag-lars-lindemann","tag-mietspiegel"],"_links":{"self":[{"href":"https:\/\/fdp-aktiv.de\/blog\/wp-json\/wp\/v2\/posts\/11658","targetHints":{"allow":["GET"]}}],"collection":[{"href":"https:\/\/fdp-aktiv.de\/blog\/wp-json\/wp\/v2\/posts"}],"about":[{"href":"https:\/\/fdp-aktiv.de\/blog\/wp-json\/wp\/v2\/types\/post"}],"author":[{"embeddable":true,"href":"https:\/\/fdp-aktiv.de\/blog\/wp-json\/wp\/v2\/users\/1"}],"replies":[{"embeddable":true,"href":"https:\/\/fdp-aktiv.de\/blog\/wp-json\/wp\/v2\/comments?post=11658"}],"version-history":[{"count":1,"href":"https:\/\/fdp-aktiv.de\/blog\/wp-json\/wp\/v2\/posts\/11658\/revisions"}],"predecessor-version":[{"id":11659,"href":"https:\/\/fdp-aktiv.de\/blog\/wp-json\/wp\/v2\/posts\/11658\/revisions\/11659"}],"wp:featuredmedia":[{"embeddable":true,"href":"https:\/\/fdp-aktiv.de\/blog\/wp-json\/wp\/v2\/media\/10345"}],"wp:attachment":[{"href":"https:\/\/fdp-aktiv.de\/blog\/wp-json\/wp\/v2\/media?parent=11658"}],"wp:term":[{"taxonomy":"category","embeddable":true,"href":"https:\/\/fdp-aktiv.de\/blog\/wp-json\/wp\/v2\/categories?post=11658"},{"taxonomy":"post_tag","embeddable":true,"href":"https:\/\/fdp-aktiv.de\/blog\/wp-json\/wp\/v2\/tags?post=11658"}],"curies":[{"name":"wp","href":"https:\/\/api.w.org\/{rel}","templated":true}]}}