{"id":11662,"date":"2023-06-15T14:56:53","date_gmt":"2023-06-15T12:56:53","guid":{"rendered":"https:\/\/fdp-aktiv.de\/blog\/?p=11662"},"modified":"2023-06-15T14:56:53","modified_gmt":"2023-06-15T12:56:53","slug":"schleswig-holstein-oliver-kumbartzky-kommunale-waermeplanung-auch-in-ewkg-beruecksichtigen","status":"publish","type":"post","link":"https:\/\/fdp-aktiv.de\/blog\/2023\/06\/15\/schleswig-holstein-oliver-kumbartzky-kommunale-waermeplanung-auch-in-ewkg-beruecksichtigen\/","title":{"rendered":"Schleswig-Holstein &#8211; Oliver Kumbartzky: Kommunale W\u00e4rmeplanung auch in EWKG ber\u00fccksichtigen"},"content":{"rendered":"<div class=\"clearfix text-formatted field field--name-body field--type-text-with-summary field--label-hidden field__item\">\n<p>Zu den angek\u00fcndigten \u00c4nderungen beim Geb\u00e4udeenergiegesetz erkl\u00e4rt der Parlamentarische Gesch\u00e4ftsf\u00fchrer und energiepolitische Sprecher der FDP-Landtagsfraktion, <strong>Oliver Kumbartzky<\/strong>:<\/p>\n<p>\u201eDie FDP hat sich auf Bundesebene erfolgreich f\u00fcr Technologieoffenheit und Praxistauglichkeit beim Geb\u00e4udeenergiegesetz eingesetzt und fundamentale \u00c4nderungen zum Ursprungsentwurf erzielt. Dass das Gesetz jetzt mit der kommunalen W\u00e4rmeplanung verzahnt wird, ist ebenso erfreulich. Auch das schleswig-holsteinische Energiewende- und Klimaschutzgesetz (EWKG) sollte nunmehr mit der kommunalen W\u00e4rmeplanung sowie mit dem Geb\u00e4udeenergiegesetz synchronisiert werden. Hier erwarten wir von der Landesregierung eine entsprechende Umsetzung bei der sowieso angek\u00fcndigten EWKG-Novelle.\u201c<\/p>\n<\/div>\n","protected":false},"excerpt":{"rendered":"<p>Zu den angek\u00fcndigten \u00c4nderungen beim Geb\u00e4udeenergiegesetz erkl\u00e4rt der Parlamentarische Gesch\u00e4ftsf\u00fchrer und energiepolitische Sprecher der FDP-Landtagsfraktion, Oliver Kumbartzky: \u201eDie FDP hat sich auf Bundesebene erfolgreich f\u00fcr Technologieoffenheit und Praxistauglichkeit beim Geb\u00e4udeenergiegesetz [&#8230;]<\/p>\n","protected":false},"author":1,"featured_media":4155,"comment_status":"open","ping_status":"closed","sticky":false,"template":"","format":"standard","meta":{"footnotes":""},"categories":[1979,207],"tags":[3513,814,3374,3415,839],"class_list":["post-11662","post","type-post","status-publish","format-standard","has-post-thumbnail","hentry","category-energie","category-familie-wohnen","tag-ewkg","tag-fdp-lsh","tag-gebaeudeenergiegesetz","tag-geg","tag-oliver-kumbartzky"],"_links":{"self":[{"href":"https:\/\/fdp-aktiv.de\/blog\/wp-json\/wp\/v2\/posts\/11662","targetHints":{"allow":["GET"]}}],"collection":[{"href":"https:\/\/fdp-aktiv.de\/blog\/wp-json\/wp\/v2\/posts"}],"about":[{"href":"https:\/\/fdp-aktiv.de\/blog\/wp-json\/wp\/v2\/types\/post"}],"author":[{"embeddable":true,"href":"https:\/\/fdp-aktiv.de\/blog\/wp-json\/wp\/v2\/users\/1"}],"replies":[{"embeddable":true,"href":"https:\/\/fdp-aktiv.de\/blog\/wp-json\/wp\/v2\/comments?post=11662"}],"version-history":[{"count":1,"href":"https:\/\/fdp-aktiv.de\/blog\/wp-json\/wp\/v2\/posts\/11662\/revisions"}],"predecessor-version":[{"id":11663,"href":"https:\/\/fdp-aktiv.de\/blog\/wp-json\/wp\/v2\/posts\/11662\/revisions\/11663"}],"wp:featuredmedia":[{"embeddable":true,"href":"https:\/\/fdp-aktiv.de\/blog\/wp-json\/wp\/v2\/media\/4155"}],"wp:attachment":[{"href":"https:\/\/fdp-aktiv.de\/blog\/wp-json\/wp\/v2\/media?parent=11662"}],"wp:term":[{"taxonomy":"category","embeddable":true,"href":"https:\/\/fdp-aktiv.de\/blog\/wp-json\/wp\/v2\/categories?post=11662"},{"taxonomy":"post_tag","embeddable":true,"href":"https:\/\/fdp-aktiv.de\/blog\/wp-json\/wp\/v2\/tags?post=11662"}],"curies":[{"name":"wp","href":"https:\/\/api.w.org\/{rel}","templated":true}]}}