{"id":11665,"date":"2023-06-15T15:22:13","date_gmt":"2023-06-15T13:22:13","guid":{"rendered":"https:\/\/fdp-aktiv.de\/blog\/?p=11665"},"modified":"2023-06-15T15:22:13","modified_gmt":"2023-06-15T13:22:13","slug":"bundestag-schroeder-laender-muessen-den-schulleitungen-mehr-zutrauen","status":"publish","type":"post","link":"https:\/\/fdp-aktiv.de\/blog\/2023\/06\/15\/bundestag-schroeder-laender-muessen-den-schulleitungen-mehr-zutrauen\/","title":{"rendered":"Bundestag &#8211; SCHR\u00d6DER: L\u00e4nder m\u00fcssen den Schulleitungen mehr zutrauen"},"content":{"rendered":"<div class=\"clearfix text-formatted field field--name-field-body field--type-text-long field--label-hidden field__item\">\n<p>Ria Schr\u00f6der MdB, bildungspolitische Sprecherin der FDP-Bundestagsfraktion, zu den Ergebnissen des Schulleitungsmonitors der\u00a0W\u00fcbben-Stiftung, bei der \u00fcber 1.000 Schulleitungen befragt wurden:<\/p>\n<p>\u201eWenn jede f\u00fcnfte Schulleitung \u00fcber einen Jobwechsel nachdenkt, ist das ein Warnsignal. Wir brauchen bessere Arbeitsbedingungen f\u00fcr Schulleiterinnen und Schulleiter, das bedeutet insbesondere Freir\u00e4ume: Weniger B\u00fcrokratie, mehr Schulautonomie. Das Chancenbudget im Rahmen des Startchancenprogramms kann ein Beispiel f\u00fcr alle Schulen sein. Die L\u00e4nder k\u00f6nnen Schulen vertrauen und sollten ihnen mehr zutrauen.<\/p>\n<p>Dann k\u00f6nnen sich Schulleitungen auf ihre Aufgabe als Change Manager konzentrieren, als Treiber f\u00fcr die Digitalisierung, f\u00fcr die Fortbildung der Lehrkr\u00e4fte und f\u00fcr eine innovative Schulentwicklung.\u201c<\/p>\n<\/div>\n","protected":false},"excerpt":{"rendered":"<p>Ria Schr\u00f6der MdB, bildungspolitische Sprecherin der FDP-Bundestagsfraktion, zu den Ergebnissen des Schulleitungsmonitors der\u00a0W\u00fcbben-Stiftung, bei der \u00fcber 1.000 Schulleitungen befragt wurden: \u201eWenn jede f\u00fcnfte Schulleitung \u00fcber einen Jobwechsel nachdenkt, ist das [&#8230;]<\/p>\n","protected":false},"author":1,"featured_media":3641,"comment_status":"open","ping_status":"closed","sticky":false,"template":"","format":"standard","meta":{"footnotes":""},"categories":[34],"tags":[2688,1279,3516,3514,3515],"class_list":["post-11665","post","type-post","status-publish","format-standard","has-post-thumbnail","hentry","category-bildung","tag-fdp-bundestag","tag-ria-schroeder","tag-schulautonomie","tag-schulleitungsmonitor","tag-wuebben-stiftung"],"_links":{"self":[{"href":"https:\/\/fdp-aktiv.de\/blog\/wp-json\/wp\/v2\/posts\/11665","targetHints":{"allow":["GET"]}}],"collection":[{"href":"https:\/\/fdp-aktiv.de\/blog\/wp-json\/wp\/v2\/posts"}],"about":[{"href":"https:\/\/fdp-aktiv.de\/blog\/wp-json\/wp\/v2\/types\/post"}],"author":[{"embeddable":true,"href":"https:\/\/fdp-aktiv.de\/blog\/wp-json\/wp\/v2\/users\/1"}],"replies":[{"embeddable":true,"href":"https:\/\/fdp-aktiv.de\/blog\/wp-json\/wp\/v2\/comments?post=11665"}],"version-history":[{"count":1,"href":"https:\/\/fdp-aktiv.de\/blog\/wp-json\/wp\/v2\/posts\/11665\/revisions"}],"predecessor-version":[{"id":11666,"href":"https:\/\/fdp-aktiv.de\/blog\/wp-json\/wp\/v2\/posts\/11665\/revisions\/11666"}],"wp:featuredmedia":[{"embeddable":true,"href":"https:\/\/fdp-aktiv.de\/blog\/wp-json\/wp\/v2\/media\/3641"}],"wp:attachment":[{"href":"https:\/\/fdp-aktiv.de\/blog\/wp-json\/wp\/v2\/media?parent=11665"}],"wp:term":[{"taxonomy":"category","embeddable":true,"href":"https:\/\/fdp-aktiv.de\/blog\/wp-json\/wp\/v2\/categories?post=11665"},{"taxonomy":"post_tag","embeddable":true,"href":"https:\/\/fdp-aktiv.de\/blog\/wp-json\/wp\/v2\/tags?post=11665"}],"curies":[{"name":"wp","href":"https:\/\/api.w.org\/{rel}","templated":true}]}}