{"id":11669,"date":"2023-06-15T15:35:47","date_gmt":"2023-06-15T13:35:47","guid":{"rendered":"https:\/\/fdp-aktiv.de\/blog\/?p=11669"},"modified":"2023-06-15T15:35:47","modified_gmt":"2023-06-15T13:35:47","slug":"thueringen-aufarbeitung-des-ddr-unrechts-ist-unentbehrlich-fuer-den-inneren-frieden","status":"publish","type":"post","link":"https:\/\/fdp-aktiv.de\/blog\/2023\/06\/15\/thueringen-aufarbeitung-des-ddr-unrechts-ist-unentbehrlich-fuer-den-inneren-frieden\/","title":{"rendered":"Th\u00fcringen &#8211; Aufarbeitung des DDR-Unrechts ist unentbehrlich f\u00fcr den inneren Frieden"},"content":{"rendered":"<div class=\"clearfix text-formatted field field--name-body field--type-text-with-summary field--label-hidden field__item\">\n<p><strong>Dirk Bergner: Jedem einzelnen Opfer sind wir es schuldig, das ertragene Leid anzuerkennen<\/strong><\/p>\n<p>Die weitere Aufarbeitung des DDR-Unrechts ist unentbehrlich f\u00fcr den inneren Frieden in unserem Land. Das betont die FDP im Th\u00fcringer Landtag anl\u00e4sslich des 70. Jahrestages des Volksaufstands vom 17. Juni 1953. Erst vor wenigen Tagen hat der Landtag dem Vorschlag der FDP zugestimmt, ein Denkmal an zentraler Stelle zu errichten. Es soll sowohl an die Opfer des SED-Regimes als auch an die Friedliche Revolution von 1989\/90 erinnern.<\/p>\n<p>\u201eHeute wird man oft gefragt, was Freiheit genau bedeutet, welchen Wert sie hat. Wenn man sich die DDR anschaut, bekommt man eine Vorstellung, was es bedeutet, wenn die pers\u00f6nliche Freiheit fehlt\u201c, sagt Dirk Bergner (FDP), Vizepr\u00e4sident des Landtags. \u201eDer SED-Staat ging gnadenlos mit politisch Andersdenkenden um. 250.000 Menschen wurden inhaftiert, fast 34.000 gegen ein Kopfgeld in die Bundesrepublik verkauft. Tausende wurden zwangsweise umgesiedelt. Es gab mehr als 1000 Tote an der Grenze. Dazu kommen das d\u00fcstere Kapitel der Zwangsadoptionen sowie das Leid vieler Heimkinder. Die staatlich sanktionierte Willk\u00fcr hinterl\u00e4sst bis heute tiefe Spuren. Jedem einzelnen Opfer sind wir es schuldig, das ertragene Leid anzuerkennen und bei der Bew\u00e4ltigung der Folgen an der Seite zu stehen.\u201c<\/p>\n<p>Dirk Bergner stellt klar: \u201eKeiner von uns kann geschehenes Unrecht wiedergutmachen. Das kann auch kein Geld der Welt. Aber Geld kann helfen, weiterhin bestehendes Leid zu mindern. Zugleich gilt es aber auch, der Aufarbeitung dieses Unrechts den n\u00f6tigen Raum zu geben. Aufarbeitung ist wichtig, damit Vergleichbares nie wieder geschehen kann. Sie ist unentbehrlich f\u00fcr den inneren Frieden unserer Gesellschaft.\u201c<\/p>\n<\/div>\n","protected":false},"excerpt":{"rendered":"<p>Dirk Bergner: Jedem einzelnen Opfer sind wir es schuldig, das ertragene Leid anzuerkennen Die weitere Aufarbeitung des DDR-Unrechts ist unentbehrlich f\u00fcr den inneren Frieden in unserem Land. Das betont die [&#8230;]<\/p>\n","protected":false},"author":1,"featured_media":4231,"comment_status":"open","ping_status":"closed","sticky":false,"template":"","format":"standard","meta":{"footnotes":""},"categories":[536],"tags":[947,446,669,803,1076,948],"class_list":["post-11669","post","type-post","status-publish","format-standard","has-post-thumbnail","hentry","category-sicherheit","tag-ddr","tag-dirk-bergner","tag-fdp-thueringen","tag-opfer","tag-sed","tag-unrecht"],"_links":{"self":[{"href":"https:\/\/fdp-aktiv.de\/blog\/wp-json\/wp\/v2\/posts\/11669","targetHints":{"allow":["GET"]}}],"collection":[{"href":"https:\/\/fdp-aktiv.de\/blog\/wp-json\/wp\/v2\/posts"}],"about":[{"href":"https:\/\/fdp-aktiv.de\/blog\/wp-json\/wp\/v2\/types\/post"}],"author":[{"embeddable":true,"href":"https:\/\/fdp-aktiv.de\/blog\/wp-json\/wp\/v2\/users\/1"}],"replies":[{"embeddable":true,"href":"https:\/\/fdp-aktiv.de\/blog\/wp-json\/wp\/v2\/comments?post=11669"}],"version-history":[{"count":1,"href":"https:\/\/fdp-aktiv.de\/blog\/wp-json\/wp\/v2\/posts\/11669\/revisions"}],"predecessor-version":[{"id":11673,"href":"https:\/\/fdp-aktiv.de\/blog\/wp-json\/wp\/v2\/posts\/11669\/revisions\/11673"}],"wp:featuredmedia":[{"embeddable":true,"href":"https:\/\/fdp-aktiv.de\/blog\/wp-json\/wp\/v2\/media\/4231"}],"wp:attachment":[{"href":"https:\/\/fdp-aktiv.de\/blog\/wp-json\/wp\/v2\/media?parent=11669"}],"wp:term":[{"taxonomy":"category","embeddable":true,"href":"https:\/\/fdp-aktiv.de\/blog\/wp-json\/wp\/v2\/categories?post=11669"},{"taxonomy":"post_tag","embeddable":true,"href":"https:\/\/fdp-aktiv.de\/blog\/wp-json\/wp\/v2\/tags?post=11669"}],"curies":[{"name":"wp","href":"https:\/\/api.w.org\/{rel}","templated":true}]}}