{"id":11699,"date":"2023-06-16T15:16:47","date_gmt":"2023-06-16T13:16:47","guid":{"rendered":"https:\/\/fdp-aktiv.de\/blog\/?p=11699"},"modified":"2023-06-16T15:16:47","modified_gmt":"2023-06-16T13:16:47","slug":"sachsen-anhalt-hueskens-freiheit-muss-immer-neu-erkaempft-werden-volksaufstand-vom-17-juni-erinnert-uns-daran","status":"publish","type":"post","link":"https:\/\/fdp-aktiv.de\/blog\/2023\/06\/16\/sachsen-anhalt-hueskens-freiheit-muss-immer-neu-erkaempft-werden-volksaufstand-vom-17-juni-erinnert-uns-daran\/","title":{"rendered":"Sachsen-Anhalt &#8211; H\u00fcskens: Freiheit muss immer neu erk\u00e4mpft werden &#8211; Volksaufstand vom 17. Juni erinnert uns daran"},"content":{"rendered":"<p><strong>Magdeburg.<\/strong> \u201eAm 17. Juni 1953 zeigten die F\u00fchrungen der DDR und der Sowjetunion deutlich, dass sie Diktaturen waren, die auch vor dem \u00c4u\u00dfersten nicht zur\u00fcckschrecken. Die mutigen B\u00fcrgerinnen und B\u00fcrger, die sich den russischen Panzern entgegenstellten, erinnern uns auch heute daran: Freiheit muss immer wieder neu erk\u00e4mpft werden\u201c, sagt die Landesvorsitzende der FDP Sachsen-Anhalt, Lydia H\u00fcskens.<\/p>\n<p>H\u00fcskens erg\u00e4nzt: \u201eEs ist eine der wichtigsten Errungenschaften unserer Demokratie, dass wir unsere Meinungen, auch im Widerspruch gegen die Regierung, frei \u00e4u\u00dfern k\u00f6nnen. Unsere Freiheit ist nicht nur Grundlage unseres Wohlstands sondern auch die Basis einer lebenswerten Gesellschaft. Wir d\u00fcrfen das nicht vergessen.\u201c<\/p>\n<p>&nbsp;<\/p>\n<p><strong>Hintergrund:<\/strong> In diesem Jahr j\u00e4hrt sich die Niederschlagung des Volksaufstandes vom 17. Juni 1953 in der DDR zum 70. Mal.<\/p>\n<p>&nbsp;<\/p>\n","protected":false},"excerpt":{"rendered":"<p>Magdeburg. \u201eAm 17. Juni 1953 zeigten die F\u00fchrungen der DDR und der Sowjetunion deutlich, dass sie Diktaturen waren, die auch vor dem \u00c4u\u00dfersten nicht zur\u00fcckschrecken. Die mutigen B\u00fcrgerinnen und B\u00fcrger, [&#8230;]<\/p>\n","protected":false},"author":1,"featured_media":4834,"comment_status":"open","ping_status":"closed","sticky":false,"template":"","format":"standard","meta":{"footnotes":""},"categories":[6],"tags":[947,857,858],"class_list":["post-11699","post","type-post","status-publish","format-standard","has-post-thumbnail","hentry","category-politik","tag-ddr","tag-fdp-lsa","tag-lydia-hueskens"],"_links":{"self":[{"href":"https:\/\/fdp-aktiv.de\/blog\/wp-json\/wp\/v2\/posts\/11699","targetHints":{"allow":["GET"]}}],"collection":[{"href":"https:\/\/fdp-aktiv.de\/blog\/wp-json\/wp\/v2\/posts"}],"about":[{"href":"https:\/\/fdp-aktiv.de\/blog\/wp-json\/wp\/v2\/types\/post"}],"author":[{"embeddable":true,"href":"https:\/\/fdp-aktiv.de\/blog\/wp-json\/wp\/v2\/users\/1"}],"replies":[{"embeddable":true,"href":"https:\/\/fdp-aktiv.de\/blog\/wp-json\/wp\/v2\/comments?post=11699"}],"version-history":[{"count":1,"href":"https:\/\/fdp-aktiv.de\/blog\/wp-json\/wp\/v2\/posts\/11699\/revisions"}],"predecessor-version":[{"id":11703,"href":"https:\/\/fdp-aktiv.de\/blog\/wp-json\/wp\/v2\/posts\/11699\/revisions\/11703"}],"wp:featuredmedia":[{"embeddable":true,"href":"https:\/\/fdp-aktiv.de\/blog\/wp-json\/wp\/v2\/media\/4834"}],"wp:attachment":[{"href":"https:\/\/fdp-aktiv.de\/blog\/wp-json\/wp\/v2\/media?parent=11699"}],"wp:term":[{"taxonomy":"category","embeddable":true,"href":"https:\/\/fdp-aktiv.de\/blog\/wp-json\/wp\/v2\/categories?post=11699"},{"taxonomy":"post_tag","embeddable":true,"href":"https:\/\/fdp-aktiv.de\/blog\/wp-json\/wp\/v2\/tags?post=11699"}],"curies":[{"name":"wp","href":"https:\/\/api.w.org\/{rel}","templated":true}]}}