{"id":11704,"date":"2023-06-16T15:19:15","date_gmt":"2023-06-16T13:19:15","guid":{"rendered":"https:\/\/fdp-aktiv.de\/blog\/?p=11704"},"modified":"2023-06-16T15:19:15","modified_gmt":"2023-06-16T13:19:15","slug":"thueringen-kemmerich-mal-schnell-die-welt-retten-das-ist-nicht-aufgabe-von-herrn-ramelow","status":"publish","type":"post","link":"https:\/\/fdp-aktiv.de\/blog\/2023\/06\/16\/thueringen-kemmerich-mal-schnell-die-welt-retten-das-ist-nicht-aufgabe-von-herrn-ramelow\/","title":{"rendered":"Th\u00fcringen &#8211; Kemmerich: Mal schnell die Welt retten, das ist nicht Aufgabe von Herrn Ramelow"},"content":{"rendered":"<div class=\"clearfix text-formatted field field--name-body field--type-text-with-summary field--label-hidden field__item\">\n<p><strong>Thomas L. Kemmerich: Asylkompromiss der EU <\/strong><strong>ist weder eine Zumutung f\u00fcr Fl\u00fcchtlinge noch f\u00fcr Th\u00fcringen<\/strong><\/p>\n<p>Die Th\u00fcringer Landesregierung, insbesondere die Vertreter von Linken und Gr\u00fcnen, sollen endlich Verantwortung f\u00fcr den Freistaat \u00fcbernehmen und sich hinter den Asylkompromiss der EU und der Bundesregierung stellen. Das fordert die FDP im Th\u00fcringer Landtag.<\/p>\n<p>\u201eHerr Ramelow, das Fass ist voll! Mal schnell die Welt retten, das ist nicht Ihre Aufgabe. Der EU-Kompromiss ist weder eine Zumutung f\u00fcr die Fl\u00fcchtlinge noch f\u00fcr Th\u00fcringen, sondern er ebnet den Weg hin zu einer geordneten Migrationspolitik\u201c, erkl\u00e4rt Thomas L. Kemmerich. \u201eDie vornehmste Aufgabe der Th\u00fcringer Minderheitsregierung ist es, die Probleme im eigenen Land zu l\u00f6sen \u2013 nat\u00fcrlich auch in puncto Migration. Alltag in Th\u00fcringen ist allerdings, dass die Landesregierung zwar gern Willkommenskultur predigt, aber andererseits bei ihren ureigenen Aufgaben kl\u00e4glich versagt. Sie sorgt nicht f\u00fcr ausreichende Erstaufnahme-Kapazit\u00e4ten. Sie l\u00e4sst die Kommunen bei der Unterbringung weiterhin im Stich. Sie setzt die R\u00fcckf\u00fchrung von Menschen, die rechtsstaatlich festgestellt keine Bleibeperspektive haben, nicht konsequent um.\u201c<\/p>\n<p>Kemmerich betont: \u201eAll diese gravierenden migrationspolitischen Fehler tragen dazu bei, dass kaum noch sachlich \u00fcber das Thema Zuwanderung gesprochen werden kann. Auch wenn linke und gr\u00fcne Welterkl\u00e4rer dies vermutlich nie verstehen werden: Dadurch, dass sie sich zusehends von der Lebensrealit\u00e4t entfernen, besch\u00e4digen sie das Vertrauen der Menschen in unser politisches System immer mehr.\u201c<\/p>\n<\/div>\n","protected":false},"excerpt":{"rendered":"<p>Thomas L. Kemmerich: Asylkompromiss der EU ist weder eine Zumutung f\u00fcr Fl\u00fcchtlinge noch f\u00fcr Th\u00fcringen Die Th\u00fcringer Landesregierung, insbesondere die Vertreter von Linken und Gr\u00fcnen, sollen endlich Verantwortung f\u00fcr den [&#8230;]<\/p>\n","protected":false},"author":1,"featured_media":1115,"comment_status":"open","ping_status":"closed","sticky":false,"template":"","format":"standard","meta":{"footnotes":""},"categories":[5],"tags":[2045,669,2065,288,497,271],"class_list":["post-11704","post","type-post","status-publish","format-standard","has-post-thumbnail","hentry","category-aussenpolitik","tag-asylpolitik","tag-fdp-thueringen","tag-fluechtlinge","tag-fluechtlingspolitik","tag-kompromisse","tag-thomas-kemmerich"],"_links":{"self":[{"href":"https:\/\/fdp-aktiv.de\/blog\/wp-json\/wp\/v2\/posts\/11704","targetHints":{"allow":["GET"]}}],"collection":[{"href":"https:\/\/fdp-aktiv.de\/blog\/wp-json\/wp\/v2\/posts"}],"about":[{"href":"https:\/\/fdp-aktiv.de\/blog\/wp-json\/wp\/v2\/types\/post"}],"author":[{"embeddable":true,"href":"https:\/\/fdp-aktiv.de\/blog\/wp-json\/wp\/v2\/users\/1"}],"replies":[{"embeddable":true,"href":"https:\/\/fdp-aktiv.de\/blog\/wp-json\/wp\/v2\/comments?post=11704"}],"version-history":[{"count":1,"href":"https:\/\/fdp-aktiv.de\/blog\/wp-json\/wp\/v2\/posts\/11704\/revisions"}],"predecessor-version":[{"id":11705,"href":"https:\/\/fdp-aktiv.de\/blog\/wp-json\/wp\/v2\/posts\/11704\/revisions\/11705"}],"wp:featuredmedia":[{"embeddable":true,"href":"https:\/\/fdp-aktiv.de\/blog\/wp-json\/wp\/v2\/media\/1115"}],"wp:attachment":[{"href":"https:\/\/fdp-aktiv.de\/blog\/wp-json\/wp\/v2\/media?parent=11704"}],"wp:term":[{"taxonomy":"category","embeddable":true,"href":"https:\/\/fdp-aktiv.de\/blog\/wp-json\/wp\/v2\/categories?post=11704"},{"taxonomy":"post_tag","embeddable":true,"href":"https:\/\/fdp-aktiv.de\/blog\/wp-json\/wp\/v2\/tags?post=11704"}],"curies":[{"name":"wp","href":"https:\/\/api.w.org\/{rel}","templated":true}]}}