{"id":11706,"date":"2023-06-16T15:20:43","date_gmt":"2023-06-16T13:20:43","guid":{"rendered":"https:\/\/fdp-aktiv.de\/blog\/?p=11706"},"modified":"2023-06-16T15:20:43","modified_gmt":"2023-06-16T13:20:43","slug":"hessen-rock-schwarz-gruen-schiebt-eigene-fehler-eltern-in-die-schuhe","status":"publish","type":"post","link":"https:\/\/fdp-aktiv.de\/blog\/2023\/06\/16\/hessen-rock-schwarz-gruen-schiebt-eigene-fehler-eltern-in-die-schuhe\/","title":{"rendered":"Hessen &#8211; ROCK: Schwarz-Gr\u00fcn schiebt eigene Fehler Eltern in die Schuhe"},"content":{"rendered":"<div class=\"clearfix text-formatted field field--name-body field--type-text-with-summary field--label-hidden field__item\">\n<ul>\n<li><strong>Landesregierung versucht, Wahl des Kita-Landeselternbeirats zu sabotieren<\/strong><\/li>\n<li><strong>M\u00fctter und V\u00e4ter wurden schlecht informiert<\/strong><\/li>\n<li><strong>Eltern m\u00fcssen auf Augenh\u00f6he in Kita-Politik eingebunden werden<\/strong><\/li>\n<\/ul>\n<p>Ren\u00e9 ROCK, Fraktionsvorsitzender der Freien Demokraten im Hessischen Landtag, hat mit Entsetzen und Ver\u00e4rgerung auf die Berichterstattung des Hessischen Rundfunks und der Frankfurter Rundschau zur laufenden Wahl des ersten Kita-Landeselternbeirats reagiert: \u201eDie Berichterstattung best\u00e4tigt erneut, was zuvor schon deutlich gewesen war: Viele Eltern wussten schlicht und ergreifend nicht \u00fcber die Wahl Bescheid. Und zwar, weil die schwarz-gr\u00fcne Landesregierung ein umst\u00e4ndliches Verfahren gew\u00e4hlt und dann auch noch schlecht dar\u00fcber informiert hat. Das ist versuchte Sabotage durch die Landesregierung\u201c, erkl\u00e4rt Rock, der auch Fachmann seiner Fraktion f\u00fcr fr\u00fchkindliche Bildung ist.<\/p>\n<p>\u201eDass das gr\u00fcn gef\u00fchrte Sozialministerium nun allen Ernstes gegen\u00fcber der Presse erkl\u00e4rt, man sei davon ausgegangen, dass Elternvertreterinnen und -Vertreter gut vernetzt seien und man sich nun frage, inwieweit diese Kontakte zur Information \u00fcber die Beiratswahl genutzt worden seien, ist eine bodenlose Frechheit. Damit versucht die Landesregierung, den Elternvertretungen die Schuld f\u00fcr die eigene schlechte Vorbereitung und Kommunikation in die Schuhe zu schieben. \u00dcber Jahre ist nichts passiert, bis Schwarz-Gr\u00fcn das Thema kurz vor der Landtagswahl doch noch f\u00fcr sich entdeckt hat\u201c, erl\u00e4utert Rock.<\/p>\n<p>Dass sich nun aufgrund der schlechten Information, der knappen Frist und des umst\u00e4ndlichen Systems gerade mal rund zwei Prozent der wahlberechtigten Eltern f\u00fcr die Wahl registriert haben, sei umso trauriger, weil die Betroffenen\u00a0\u2013 wie auch die Freien Demokraten\u00a0\u2013 lange f\u00fcr einen Kita-Landeselternbeirat gek\u00e4mpft haben. \u201eDer Beirat verdient eine breite demokratische Legitimation\u00a0\u2013\u00a0und die Eltern brauchen eine Landesregierung, die M\u00fctter und V\u00e4ter auf Augenh\u00f6he in die Kita-Politik einbindet, statt sie zu br\u00fcskieren\u201c, betont Rock.<\/p>\n<\/div>\n","protected":false},"excerpt":{"rendered":"<p>Landesregierung versucht, Wahl des Kita-Landeselternbeirats zu sabotieren M\u00fctter und V\u00e4ter wurden schlecht informiert Eltern m\u00fcssen auf Augenh\u00f6he in Kita-Politik eingebunden werden Ren\u00e9 ROCK, Fraktionsvorsitzender der Freien Demokraten im Hessischen Landtag, [&#8230;]<\/p>\n","protected":false},"author":1,"featured_media":11568,"comment_status":"open","ping_status":"closed","sticky":false,"template":"","format":"standard","meta":{"footnotes":""},"categories":[34],"tags":[635,382,3521,634],"class_list":["post-11706","post","type-post","status-publish","format-standard","has-post-thumbnail","hentry","category-bildung","tag-fdp-hessen","tag-kita","tag-landeselternbeirats","tag-rene-rock"],"_links":{"self":[{"href":"https:\/\/fdp-aktiv.de\/blog\/wp-json\/wp\/v2\/posts\/11706","targetHints":{"allow":["GET"]}}],"collection":[{"href":"https:\/\/fdp-aktiv.de\/blog\/wp-json\/wp\/v2\/posts"}],"about":[{"href":"https:\/\/fdp-aktiv.de\/blog\/wp-json\/wp\/v2\/types\/post"}],"author":[{"embeddable":true,"href":"https:\/\/fdp-aktiv.de\/blog\/wp-json\/wp\/v2\/users\/1"}],"replies":[{"embeddable":true,"href":"https:\/\/fdp-aktiv.de\/blog\/wp-json\/wp\/v2\/comments?post=11706"}],"version-history":[{"count":1,"href":"https:\/\/fdp-aktiv.de\/blog\/wp-json\/wp\/v2\/posts\/11706\/revisions"}],"predecessor-version":[{"id":11707,"href":"https:\/\/fdp-aktiv.de\/blog\/wp-json\/wp\/v2\/posts\/11706\/revisions\/11707"}],"wp:featuredmedia":[{"embeddable":true,"href":"https:\/\/fdp-aktiv.de\/blog\/wp-json\/wp\/v2\/media\/11568"}],"wp:attachment":[{"href":"https:\/\/fdp-aktiv.de\/blog\/wp-json\/wp\/v2\/media?parent=11706"}],"wp:term":[{"taxonomy":"category","embeddable":true,"href":"https:\/\/fdp-aktiv.de\/blog\/wp-json\/wp\/v2\/categories?post=11706"},{"taxonomy":"post_tag","embeddable":true,"href":"https:\/\/fdp-aktiv.de\/blog\/wp-json\/wp\/v2\/tags?post=11706"}],"curies":[{"name":"wp","href":"https:\/\/api.w.org\/{rel}","templated":true}]}}