{"id":11733,"date":"2023-06-17T08:28:27","date_gmt":"2023-06-17T06:28:27","guid":{"rendered":"https:\/\/fdp-aktiv.de\/blog\/?p=11733"},"modified":"2023-06-17T08:28:27","modified_gmt":"2023-06-17T06:28:27","slug":"baden-wuerttemberg-haag-ministerien-razavi-mal-wieder-auf-fdp-ideen-angewiesen","status":"publish","type":"post","link":"https:\/\/fdp-aktiv.de\/blog\/2023\/06\/17\/baden-wuerttemberg-haag-ministerien-razavi-mal-wieder-auf-fdp-ideen-angewiesen\/","title":{"rendered":"Baden-W\u00fcrttemberg &#8211; Haag: Ministerien Razavi mal wieder auf FDP-Ideen angewiesen"},"content":{"rendered":"<p>Schnelleres und g\u00fcnstigeres Bauen mit Geb\u00e4udeklasse \u201eE\u201c<\/p>\n<p>&nbsp;<\/p>\n<p><strong>Friedrich Haag<\/strong>, wohnungspolitischer Sprecher der FDP\/DVP-Fraktion, kommentiert die Ank\u00fcndigung, dass sich Baden-W\u00fcrttemberg ebenso wie Bayern in Berlin f\u00fcr die Geb\u00e4udeklasse \u201eE\u201c einsetzen will:<\/p>\n<p>\u201eEs ist sch\u00f6n, dass unser Antrag zur Geb\u00e4udeklasse \u201aE\u2018 nun auch Geh\u00f6r im Ministerium gefunden hat. Es ist gleichzeitig bezeichnend, dass der Ursprung der Initiative nicht im zust\u00e4ndigen Ministerium liegt, sondern die konkreten Vorschl\u00e4ge wieder einmal von der FDP kommen. Ende M\u00e4rz hatte Ministern Razavi in ihrer Antwort keine Absicht gezeigt, die Geb\u00e4udeklasse \u201aE\u2018 \u00fcberhaupt weiterzuverfolgen. Woher der pl\u00f6tzliche Sinneswandel?<\/p>\n<p>Seit zwei Jahren wartet das Land auf einen Arbeitsnachweis aus Frau Razavis Haus. Dr\u00e4ngende Probleme werden nicht angegangen und die Sinnhaftigkeit eines eigenst\u00e4ndigen Ministeriums bleibt mehr als zweifelhaft.<\/p>\n<p>Die Wohnungsknappheit ist eines der dr\u00e4ngendsten Themen unserer Zeit, weshalb wir endlich schneller und g\u00fcnstiger bauen m\u00fcssen. Die Geb\u00e4udeklasse \u201aE\u2018 ist eine M\u00f6glichkeit, die Entwicklung innovativer sowie g\u00fcnstiger Bau- und Wohnformen entschieden voranzutreiben.<\/p>\n<p>Daf\u00fcr muss die Bau-B\u00fcrokratie auf ein absolut notwendiges Minimum zur\u00fcckgef\u00fchrt werden. Die Ministerin muss den Rotstift bei der Landesbauordnung ansetzen und sich von sinnlosen Verteuerungs- und Verz\u00f6gerungsvorschriften verabschieden. \u201c<\/p>\n<p>Unseren Antrag zur Geb\u00e4udeklasse \u201eE\u201c finden Sie hier: <a href=\"https:\/\/www.landtag-bw.de\/files\/live\/sites\/LTBW\/files\/dokumente\/WP17\/Drucksachen\/4000\/17_4198_D.pdf\">https:\/\/www.landtag-bw.de\/files\/live\/sites\/LTBW\/files\/dokumente\/WP17\/Drucksachen\/4000\/17_4198_D.pdf<\/a><\/p>\n<p>&nbsp;<\/p>\n","protected":false},"excerpt":{"rendered":"<p>Schnelleres und g\u00fcnstigeres Bauen mit Geb\u00e4udeklasse \u201eE\u201c &nbsp; Friedrich Haag, wohnungspolitischer Sprecher der FDP\/DVP-Fraktion, kommentiert die Ank\u00fcndigung, dass sich Baden-W\u00fcrttemberg ebenso wie Bayern in Berlin f\u00fcr die Geb\u00e4udeklasse \u201eE\u201c einsetzen [&#8230;]<\/p>\n","protected":false},"author":1,"featured_media":5747,"comment_status":"open","ping_status":"closed","sticky":false,"template":"","format":"standard","meta":{"footnotes":""},"categories":[207,8],"tags":[650,1587,380,3532,1027],"class_list":["post-11733","post","type-post","status-publish","format-standard","has-post-thumbnail","hentry","category-familie-wohnen","category-wirtschaft","tag-fdp-dvp","tag-friedrich-haag","tag-gebaeude","tag-gebaeudeklasse","tag-wohnungsbau"],"_links":{"self":[{"href":"https:\/\/fdp-aktiv.de\/blog\/wp-json\/wp\/v2\/posts\/11733","targetHints":{"allow":["GET"]}}],"collection":[{"href":"https:\/\/fdp-aktiv.de\/blog\/wp-json\/wp\/v2\/posts"}],"about":[{"href":"https:\/\/fdp-aktiv.de\/blog\/wp-json\/wp\/v2\/types\/post"}],"author":[{"embeddable":true,"href":"https:\/\/fdp-aktiv.de\/blog\/wp-json\/wp\/v2\/users\/1"}],"replies":[{"embeddable":true,"href":"https:\/\/fdp-aktiv.de\/blog\/wp-json\/wp\/v2\/comments?post=11733"}],"version-history":[{"count":1,"href":"https:\/\/fdp-aktiv.de\/blog\/wp-json\/wp\/v2\/posts\/11733\/revisions"}],"predecessor-version":[{"id":11736,"href":"https:\/\/fdp-aktiv.de\/blog\/wp-json\/wp\/v2\/posts\/11733\/revisions\/11736"}],"wp:featuredmedia":[{"embeddable":true,"href":"https:\/\/fdp-aktiv.de\/blog\/wp-json\/wp\/v2\/media\/5747"}],"wp:attachment":[{"href":"https:\/\/fdp-aktiv.de\/blog\/wp-json\/wp\/v2\/media?parent=11733"}],"wp:term":[{"taxonomy":"category","embeddable":true,"href":"https:\/\/fdp-aktiv.de\/blog\/wp-json\/wp\/v2\/categories?post=11733"},{"taxonomy":"post_tag","embeddable":true,"href":"https:\/\/fdp-aktiv.de\/blog\/wp-json\/wp\/v2\/tags?post=11733"}],"curies":[{"name":"wp","href":"https:\/\/api.w.org\/{rel}","templated":true}]}}