{"id":1175,"date":"2021-05-02T13:59:00","date_gmt":"2021-05-02T11:59:00","guid":{"rendered":"https:\/\/fdp-aktiv.de\/blog\/?p=1175"},"modified":"2022-09-21T06:28:05","modified_gmt":"2022-09-21T04:28:05","slug":"bijan-djir-sarai-im-rahmen-der-aktuellen-stunde-fuer-einen-sofortigen-waffenstillstand-in-bergkarabach","status":"publish","type":"post","link":"https:\/\/fdp-aktiv.de\/blog\/2021\/05\/02\/bijan-djir-sarai-im-rahmen-der-aktuellen-stunde-fuer-einen-sofortigen-waffenstillstand-in-bergkarabach\/","title":{"rendered":"Bijan Djir Sarai im Rahmen der Aktuellen Stunde f\u00fcr einen sofortigen Waffenstillstand in Bergkarabach"},"content":{"rendered":"<p><iframe loading=\"lazy\" title=\"Rede von Bijan Djir Sarai (FDP): Oktober 29, 2020\" width=\"800\" height=\"450\" src=\"https:\/\/www.youtube.com\/embed\/RamfII41_AE?feature=oembed\" frameborder=\"0\" allow=\"accelerometer; autoplay; clipboard-write; encrypted-media; gyroscope; picture-in-picture\" allowfullscreen><\/iframe><\/p>\n<p><span class=\"style-scope yt-formatted-string\" dir=\"auto\">Rede von Herrn Bijan Djir Sarai (FDP) im Rahmen der Aktuellen Stunde f\u00fcr einen sofortigen Waffenstillstand in <\/span><a class=\"yt-simple-endpoint style-scope yt-formatted-string\" dir=\"auto\" spellcheck=\"false\" href=\"https:\/\/www.youtube.com\/hashtag\/bergkarabach\">#Bergkarabach<\/a><span class=\"style-scope yt-formatted-string\" dir=\"auto\">\u200b<\/span><span class=\"style-scope yt-formatted-string\" dir=\"auto\"> und eine nachhaltige Friedensl\u00f6sung \u2013 Die au\u00dfen- und sicherheitspolitische Handlungsf\u00e4higkeit der EU st\u00e4rken. Deutscher Bundestag \u2013 19. Wahlperiode \u2013 186. Sitzung. Berlin, Donnerstag, den 29. Oktober 2020.\u00a0<\/span><\/p>\n<p>&nbsp;<\/p>\n<p>&nbsp;<\/p>\n","protected":false},"excerpt":{"rendered":"<p>Rede von Herrn Bijan Djir Sarai (FDP) im Rahmen der Aktuellen Stunde f\u00fcr einen sofortigen Waffenstillstand in #Bergkarabach\u200b und eine nachhaltige Friedensl\u00f6sung \u2013 Die au\u00dfen- und sicherheitspolitische Handlungsf\u00e4higkeit der EU [&#8230;]<\/p>\n","protected":false},"author":1,"featured_media":0,"comment_status":"open","ping_status":"closed","sticky":false,"template":"","format":"standard","meta":{"footnotes":""},"categories":[5],"tags":[673,672,670,2688,671],"class_list":["post-1175","post","type-post","status-publish","format-standard","hentry","category-aussenpolitik","tag-aktuelle-stunde","tag-bergkarabach","tag-bijan-djir-sarai","tag-fdp-bundestag","tag-waffenstillstand"],"_links":{"self":[{"href":"https:\/\/fdp-aktiv.de\/blog\/wp-json\/wp\/v2\/posts\/1175","targetHints":{"allow":["GET"]}}],"collection":[{"href":"https:\/\/fdp-aktiv.de\/blog\/wp-json\/wp\/v2\/posts"}],"about":[{"href":"https:\/\/fdp-aktiv.de\/blog\/wp-json\/wp\/v2\/types\/post"}],"author":[{"embeddable":true,"href":"https:\/\/fdp-aktiv.de\/blog\/wp-json\/wp\/v2\/users\/1"}],"replies":[{"embeddable":true,"href":"https:\/\/fdp-aktiv.de\/blog\/wp-json\/wp\/v2\/comments?post=1175"}],"version-history":[{"count":1,"href":"https:\/\/fdp-aktiv.de\/blog\/wp-json\/wp\/v2\/posts\/1175\/revisions"}],"predecessor-version":[{"id":1176,"href":"https:\/\/fdp-aktiv.de\/blog\/wp-json\/wp\/v2\/posts\/1175\/revisions\/1176"}],"wp:attachment":[{"href":"https:\/\/fdp-aktiv.de\/blog\/wp-json\/wp\/v2\/media?parent=1175"}],"wp:term":[{"taxonomy":"category","embeddable":true,"href":"https:\/\/fdp-aktiv.de\/blog\/wp-json\/wp\/v2\/categories?post=1175"},{"taxonomy":"post_tag","embeddable":true,"href":"https:\/\/fdp-aktiv.de\/blog\/wp-json\/wp\/v2\/tags?post=1175"}],"curies":[{"name":"wp","href":"https:\/\/api.w.org\/{rel}","templated":true}]}}