{"id":11751,"date":"2023-06-18T09:02:55","date_gmt":"2023-06-18T07:02:55","guid":{"rendered":"https:\/\/fdp-aktiv.de\/blog\/?p=11751"},"modified":"2023-06-18T09:04:55","modified_gmt":"2023-06-18T07:04:55","slug":"schleswig-holstein-christopher-vogt-zu-top-14-lehrkraefte-im-vorbereitungsdienst-unterstuetzen","status":"publish","type":"post","link":"https:\/\/fdp-aktiv.de\/blog\/2023\/06\/18\/schleswig-holstein-christopher-vogt-zu-top-14-lehrkraefte-im-vorbereitungsdienst-unterstuetzen\/","title":{"rendered":"Schleswig-Holstein &#8211; Christopher Vogt zu TOP 14 &#8220;Lehrkr\u00e4fte im Vorbereitungsdienst unterst\u00fctzen&#8221;"},"content":{"rendered":"<p>In seiner Rede zu TOP 14 (Lehrkr\u00e4fte im Vorbereitungsdienst unterst\u00fctzen) erkl\u00e4rt der Vorsitzende und bildungspolitische Sprecher der FDP-Landtagsfraktion,<strong>\u00a0Christopher Vogt:<\/strong><\/p>\n<p>\u201eLehrkr\u00e4fte haben einen der wichtigsten Berufe in unserer Gesellschaft \u2013 und eigentlich auch einen der sch\u00f6nsten, was allerdings von vielen Beteiligten leider nicht immer so gesehen wird. Das sp\u00fcrt man auch bei der Nachwuchsgewinnung, die in den n\u00e4chsten Jahren eine der gr\u00f6\u00dften bildungspolitischen Herausforderungen sein wird. Insofern w\u00fcrde ich mir schnellere Ergebnisse der \u201eAllianz f\u00fcr Lehrkr\u00e4ftebildung\u201c w\u00fcnschen, denn es gibt da keine Zeit zu verlieren. Die Ministerin hatte zur Lehrkr\u00e4ftegewinnung ja drei Ma\u00dfnahmenpakete angek\u00fcndigt. Das erste war weitestgehend in Ordnung und sinnvoll, allerdings waren darin ja vor allem die eher unstrittigen Themen enthalten. Insofern werden das zweite und dritte interessanter.<\/p>\n<p>Eine ganz wichtige Baustelle bei der Lehrkr\u00e4ftegewinnung ist auch nach unserer Auffassung das Referendariat. Und ich f\u00fcrchte, dass der Koalitionsantrag da leider keine gro\u00dfe Hilfe sein wird. Es wird mal wieder \u2013 wie sollte es auch anders sein? \u2013 ein Konzept beim Ministerium in Auftrag gegeben, an dem dort hoffentlich l\u00e4ngst gearbeitet wird. Dieses Mal geht es um die Beratungsangebote f\u00fcr Lehrkr\u00e4fte im Vorbereitungsdienst. Ohne Frage ein wichtiges Thema, aber ich verliere langsam wirklich den \u00dcberblick \u00fcber die zahlreichen Konzepte, die die Koalitionsfraktionen beim Bildungsministerium bestellt haben. Mittlerweile wird ja konsequenterweise auch darauf verzichtet, daf\u00fcr einen Zeithorizont zu skizzieren. Ansonsten wird mehr Transparenz bei der Pr\u00fcfung angeregt und es gibt gleich drei Pr\u00fcfauftr\u00e4ge \u2013 unter anderem zur Anpassung der Fahrtkosten. So richtig konkret und hilfreich ist das leider alles nicht.<\/p>\n<p>Das notwendige Referendariat ist f\u00fcr viele angehende Lehrkr\u00e4fte schon eine ziemliche Herausforderung. Es bedeutet eine recht hohe Belastung. Und es gibt leider nur eine recht schmale Bezahlung. Ich f\u00fcrchte, dass man \u00fcber beide Punkte in der n\u00e4chsten Zeit konkreter wird sprechen m\u00fcssen, wenn man mehr junge Menschen f\u00fcr den Lehrerberuf begeistern will. Die SPD-Fraktion macht da mit ihrem \u00c4nderungsantrag einige gute Vorschl\u00e4ge. Mehr Praxisbezug, mehr Unterst\u00fctzung und ein st\u00e4rkerer Fokus auf die P\u00e4dagogik finden auch wir richtig! Auch \u00fcber die vorgeschlagene Berufseingangsphase kann man \u2013 wie ich finde \u2013 diskutieren. Ich bin jedoch nicht ganz sicher, ob diese wirklich ein verbindlicher dritter Teil der Lehrkr\u00e4fteausbildung sein muss. Dies ist vielleicht ein bisschen hochgegriffen. Insofern schlage ich vor, dass wir die beiden Antr\u00e4ge im Bildungsausschuss weiter diskutieren und uns dort auch mit Experten, mit Referendaren und mit Ausbildern austauschen.\u201c<\/p>\n<p>&nbsp;<\/p>\n","protected":false},"excerpt":{"rendered":"<p>In seiner Rede zu TOP 14 (Lehrkr\u00e4fte im Vorbereitungsdienst unterst\u00fctzen) erkl\u00e4rt der Vorsitzende und bildungspolitische Sprecher der FDP-Landtagsfraktion,\u00a0Christopher Vogt: \u201eLehrkr\u00e4fte haben einen der wichtigsten Berufe in unserer Gesellschaft \u2013 und [&#8230;]<\/p>\n","protected":false},"author":1,"featured_media":2668,"comment_status":"open","ping_status":"closed","sticky":false,"template":"","format":"standard","meta":{"footnotes":""},"categories":[34],"tags":[599,814,2398,3543],"class_list":["post-11751","post","type-post","status-publish","format-standard","has-post-thumbnail","hentry","category-bildung","tag-christopher-vogt","tag-fdp-lsh","tag-lehrkraefte","tag-vorbereitungsdienst"],"_links":{"self":[{"href":"https:\/\/fdp-aktiv.de\/blog\/wp-json\/wp\/v2\/posts\/11751","targetHints":{"allow":["GET"]}}],"collection":[{"href":"https:\/\/fdp-aktiv.de\/blog\/wp-json\/wp\/v2\/posts"}],"about":[{"href":"https:\/\/fdp-aktiv.de\/blog\/wp-json\/wp\/v2\/types\/post"}],"author":[{"embeddable":true,"href":"https:\/\/fdp-aktiv.de\/blog\/wp-json\/wp\/v2\/users\/1"}],"replies":[{"embeddable":true,"href":"https:\/\/fdp-aktiv.de\/blog\/wp-json\/wp\/v2\/comments?post=11751"}],"version-history":[{"count":2,"href":"https:\/\/fdp-aktiv.de\/blog\/wp-json\/wp\/v2\/posts\/11751\/revisions"}],"predecessor-version":[{"id":11758,"href":"https:\/\/fdp-aktiv.de\/blog\/wp-json\/wp\/v2\/posts\/11751\/revisions\/11758"}],"wp:featuredmedia":[{"embeddable":true,"href":"https:\/\/fdp-aktiv.de\/blog\/wp-json\/wp\/v2\/media\/2668"}],"wp:attachment":[{"href":"https:\/\/fdp-aktiv.de\/blog\/wp-json\/wp\/v2\/media?parent=11751"}],"wp:term":[{"taxonomy":"category","embeddable":true,"href":"https:\/\/fdp-aktiv.de\/blog\/wp-json\/wp\/v2\/categories?post=11751"},{"taxonomy":"post_tag","embeddable":true,"href":"https:\/\/fdp-aktiv.de\/blog\/wp-json\/wp\/v2\/tags?post=11751"}],"curies":[{"name":"wp","href":"https:\/\/api.w.org\/{rel}","templated":true}]}}