{"id":11925,"date":"2023-06-23T16:12:43","date_gmt":"2023-06-23T14:12:43","guid":{"rendered":"https:\/\/fdp-aktiv.de\/blog\/?p=11925"},"modified":"2023-06-23T16:12:43","modified_gmt":"2023-06-23T14:12:43","slug":"ullmann-lindemann-koalition-sorgt-fuer-versorgungssicherheit-bei-arzneimitteln","status":"publish","type":"post","link":"https:\/\/fdp-aktiv.de\/blog\/2023\/06\/23\/ullmann-lindemann-koalition-sorgt-fuer-versorgungssicherheit-bei-arzneimitteln\/","title":{"rendered":"ULLMANN\/LINDEMANN: Koalition sorgt f\u00fcr Versorgungssicherheit bei Arzneimitteln"},"content":{"rendered":"<p>Zum Beschluss des Arzneimittel-Lieferengpassbek\u00e4mpfungs- und Versorgungsverbesserungsgesetz erkl\u00e4rt der gesundheitspolitische Sprecher der FDP-Fraktion Prof. Dr. Andrew Ullmann:<\/p>\n<p>\u201eMit dem Gesetz zur Bek\u00e4mpfung von Arzneimittellieferengp\u00e4ssen erweitern wir die Kompetenzen der Notfallsanit\u00e4ter. Au\u00dferdem verk\u00fcrzen wir die Fristen beim Genehmigungsvorbehalt bei medizinischem Cannabis und stellen rechtlich klar, dass sich eine Vereinbarung \u00fcber wahl\u00e4rztliche Leistungen auch auf Leistungen im Rahmen der sogenannten stations\u00e4quivalenten und tagesstation\u00e4ren Behandlung erstrecken kann. Diese Regelung st\u00e4rkt die Selbstbestimmung des Patienten. Wir sind uns in der Koalition einig, dass weitere Schritte folgen m\u00fcssen. Bundesgesundheitsminister Prof. Dr. Karl Lauterbach hat in den Verhandlungen zugesagt, das Thema Arzneimittelneuordnung im ersten Quartal 2024 erneut auf die parlamentarische Agenda zu nehmen. Das ist ein gutes Signal.\u201c<\/p>\n<p>Dazu erkl\u00e4rt der Berichterstatter f\u00fcr Arzneimittel und Pharmazie der FDP-Fraktion Lars Friedrich Lindemann:<\/p>\n<p>\u201eMit dem Gesetz zur Bek\u00e4mpfung von Arzneimittellieferengp\u00e4ssen macht die Koalition einen ersten wichtigen Schritt in Richtung langfristiger Versorgungssicherheit in Deutschland. Als erste Ma\u00dfnahmen setzen wir auf Fr\u00fcherkennung, um Lieferengp\u00e4sse nicht zu Versorgungsengp\u00e4ssen werden zu lassen. Dar\u00fcber hinaus sorgen wir f\u00fcr Entb\u00fcrokratisierung und weitreichende Flexibilisierung f\u00fcr die Apotheken. Mit den Neureglungen zu Retaxationen sorgen wir daf\u00fcr, dass Apotheker bei erfolgter Versorgung nicht mehr auf den Medikamentenkosten sitzen bleiben. Wir haben auf den Schutz von internen unternehmerischen Informationen geachtet und f\u00fcr die Umsetzung des Kombinationsrabattes eine R\u00fcckkehr zur Verhandlungsl\u00f6sung erreicht.<\/p>\n","protected":false},"excerpt":{"rendered":"<p>Zum Beschluss des Arzneimittel-Lieferengpassbek\u00e4mpfungs- und Versorgungsverbesserungsgesetz erkl\u00e4rt der gesundheitspolitische Sprecher der FDP-Fraktion Prof. Dr. Andrew Ullmann: \u201eMit dem Gesetz zur Bek\u00e4mpfung von Arzneimittellieferengp\u00e4ssen erweitern wir die Kompetenzen der Notfallsanit\u00e4ter. Au\u00dferdem [&#8230;]<\/p>\n","protected":false},"author":1,"featured_media":7940,"comment_status":"open","ping_status":"closed","sticky":false,"template":"","format":"standard","meta":{"footnotes":""},"categories":[123],"tags":[3586,3242,2917,2481,2157],"class_list":["post-11925","post","type-post","status-publish","format-standard","has-post-thumbnail","hentry","category-gesundheit","tag-arzneimittel","tag-lars-lindemann","tag-medikamente","tag-prof-dr-andrew-ullmann","tag-versorgungssicherheit"],"_links":{"self":[{"href":"https:\/\/fdp-aktiv.de\/blog\/wp-json\/wp\/v2\/posts\/11925","targetHints":{"allow":["GET"]}}],"collection":[{"href":"https:\/\/fdp-aktiv.de\/blog\/wp-json\/wp\/v2\/posts"}],"about":[{"href":"https:\/\/fdp-aktiv.de\/blog\/wp-json\/wp\/v2\/types\/post"}],"author":[{"embeddable":true,"href":"https:\/\/fdp-aktiv.de\/blog\/wp-json\/wp\/v2\/users\/1"}],"replies":[{"embeddable":true,"href":"https:\/\/fdp-aktiv.de\/blog\/wp-json\/wp\/v2\/comments?post=11925"}],"version-history":[{"count":1,"href":"https:\/\/fdp-aktiv.de\/blog\/wp-json\/wp\/v2\/posts\/11925\/revisions"}],"predecessor-version":[{"id":11926,"href":"https:\/\/fdp-aktiv.de\/blog\/wp-json\/wp\/v2\/posts\/11925\/revisions\/11926"}],"wp:featuredmedia":[{"embeddable":true,"href":"https:\/\/fdp-aktiv.de\/blog\/wp-json\/wp\/v2\/media\/7940"}],"wp:attachment":[{"href":"https:\/\/fdp-aktiv.de\/blog\/wp-json\/wp\/v2\/media?parent=11925"}],"wp:term":[{"taxonomy":"category","embeddable":true,"href":"https:\/\/fdp-aktiv.de\/blog\/wp-json\/wp\/v2\/categories?post=11925"},{"taxonomy":"post_tag","embeddable":true,"href":"https:\/\/fdp-aktiv.de\/blog\/wp-json\/wp\/v2\/tags?post=11925"}],"curies":[{"name":"wp","href":"https:\/\/api.w.org\/{rel}","templated":true}]}}