{"id":11931,"date":"2023-06-24T01:06:50","date_gmt":"2023-06-23T23:06:50","guid":{"rendered":"https:\/\/fdp-aktiv.de\/blog\/?p=11931"},"modified":"2023-06-24T01:06:50","modified_gmt":"2023-06-23T23:06:50","slug":"niedersachsen-oetjen-und-hocker-aktives-bestandsmanagement-der-wolfspopulationen-ist-notwendig","status":"publish","type":"post","link":"https:\/\/fdp-aktiv.de\/blog\/2023\/06\/24\/niedersachsen-oetjen-und-hocker-aktives-bestandsmanagement-der-wolfspopulationen-ist-notwendig\/","title":{"rendered":"Niedersachsen &#8211; Oetjen und Hocker: Aktives Bestandsmanagement der Wolfspopulationen ist notwendig"},"content":{"rendered":"<p><b>Der nieders\u00e4chsische Umweltminister \u00fcberrascht in der vergangenen Woche mit Aussagen zur Wolfspolitik. Wenig glaubw\u00fcrdig finden Gero Hocker und Jan-Christoph Oetjen.<\/b><\/p>\n<p><img loading=\"lazy\" decoding=\"async\" class=\"aligncenter\" src=\"https:\/\/fdp-nds.de\/sites\/default\/files\/styles\/uv_full_content_16_9\/public\/sync\/2023-03\/JCO_Hocker-2439.png?itok=37gOxn1w\" alt=\"JCO und Hocker\" width=\"570\" height=\"321\" \/><\/p>\n<p>Die beiden stellvertretenden Landesvorsitzenden der FDP Niedersachsen sind in der letzten Woche mit Verwunderung \u00fcber\u00a0ein Interview des nieders\u00e4chsischen Umweltministers Christian Meyer gestolpert. Es m\u00fcsste m\u00f6glich sein, W\u00f6lfe zu schie\u00dfen hie\u00df es da aus dem Munde des Ministers und sogar weiter \u201eDaf\u00fcr brauchen wir aber die Feststellung des g\u00fcnstigen Erhaltungszustandes von Bund und EU.\u201c<br \/>\nHocker und Oetjen sind in der Bundestags- und der europ\u00e4ischen Fraktion beide aktiv beim Thema Wolf und kennen sich mit den Feinheiten des Bundesumweltschutzes und der FFH-Richtlinie aus. Beide haben sich bereits in der nieders\u00e4chsischen Landtagsfraktion f\u00fcr ein aktives Bestandsmanagement von W\u00f6lfen eingesetzt und erreicht, dass der Wolf in das nieders\u00e4chsische Jagdrecht aufgenommen wurde.<br \/>\n\u201eEs ist ein bekanntes und erprobtes Verfahren der rot-gr\u00fcnen Landesregierung, Verantwortung an Bund oder Europa abzugeben, um sich vor politischen Entscheidungen zu dr\u00fccken. Dies ist jedoch Hohn und Respektlosigkeit gegen\u00fcber den vielen besorgten Weidetierhaltern in Niedersachsen.\u201c erkl\u00e4ren die beiden versierten Agrarpolitiker Hocker und Oetjen.<br \/>\nHocker verdeutlicht: \u201cDer Koalitionsvertrag der Ampel formuliert ausdr\u00fccklich die wissenschaftliche Feststellung der Gesamtpopulation und das \u201caktive Bestandsmanagement\u201d. Beidem widersetzt sich ausgerechnet Meyers gr\u00fcne Amtskollegin Steffi Lemke seit fast zwei Jahren.<\/p>\n<p>\u201eDie EU hat l\u00e4ngst die M\u00f6glichkeit zur Entnahme gef\u00e4hrlicher W\u00f6lfe geschaffen und auch einem sinnvollen Bestandsmanagement steht nichts im Wege, daf\u00fcr bedarf es aber der Feststellung des g\u00fcnstigen Erhaltungszustands auf EU-Ebene, initiiert durch die Bundesregierung.\u201c f\u00fchrt der Europapolitiker Oetjen aus.<br \/>\n\u201eDer Minister muss lediglich seine Parteifreundin im Bundesministerium bitten, das Verfahren zur Feststellung des g\u00fcnstigen Erhaltungszustandes in Gang zu setzen. Vielleicht eignet sich da ein Telefonanruf eher, als Bekanntmachungen \u00fcber die Presse\u201c, erg\u00e4nzt der agrarpolitische Sprecher der FDP Bundestagsfraktion Gero Hocker.<\/p>\n<p>J\u00e4gerschaft und Weidetierhalter in Niedersachsen kennen den aggressiven Protest gr\u00fcner Lobbyverb\u00e4nde auf Entnahmeversuche von gef\u00e4hrlichen W\u00f6lfen. Hocker und Oetjen k\u00f6nnen die Zur\u00fcckhaltung des nieders\u00e4chsischen Umweltministers daher gut verstehen.<br \/>\n\u201eWenn man allerdings die Abw\u00e4gung zwischen Wolfsschutz und Schutz der Weidetierhaltung und damit des Artenschutzes, Pflege der Kulturlandschaft und des K\u00fcstenschutzes macht, dann liegt auf der Hand, welche politische Entscheidung ansteht.\u201c mahnt Oetjen. Hocker fordert den nieders\u00e4chsischen Umweltminister auf, seine guten Kontakte in diese Lobby zu nutzen, um diese klaren Vorteile f\u00fcr Natur- und Umweltschutz zu erkl\u00e4ren und so eine Eskalation von dieser Seite zu verhindern.<br \/>\n\u201eEgal von welchem Standpunkt man kommt, am Ende aller \u00dcberlegungen kann man nur zu einem Ergebnis kommen: Wir brauchen in Niedersachsen ein aktives Bestandsmanagement f\u00fcr den Wolf.\u201c res\u00fcmieren Hocker und Oetjen.<\/p>\n<p>Die beiden nieders\u00e4chsischen Liberalen sichern dem Umweltminister jedenfalls die volle Unterst\u00fctzung bei diesem dringend notwendigen politischen Schritten zu. Die FDP, und insbesondere unser besonders betroffener nieders\u00e4chsische Landesverband, setzt sich seit Jahren auf allen politischen Ebenen f\u00fcr einen realistischen Umgang mit dem Wolf ein.<br \/>\nEs ginge nicht darum, den Wolf auszurotten, sondern um ausgewogene Politik, die auch die Weidetierhaltung und den K\u00fcstenschutz nicht au\u00dfer Acht l\u00e4sst. Ob in der Kommunal-, der Landes-, der Bundes- oder der Europapolitik, wir Liberalen fordern eine Abkehr von der romantisierenden Wolfsschutzpolitik hin zu einem echten Weidetierschutz.<br \/>\nUnd setzen damit ein klares Bekenntnis f\u00fcr Artenvielfalt, Pflege der Kulturlandschaft und K\u00fcstenschutz.<\/p>\n","protected":false},"excerpt":{"rendered":"<p>Der nieders\u00e4chsische Umweltminister \u00fcberrascht in der vergangenen Woche mit Aussagen zur Wolfspolitik. Wenig glaubw\u00fcrdig finden Gero Hocker und Jan-Christoph Oetjen. Die beiden stellvertretenden Landesvorsitzenden der FDP Niedersachsen sind in der [&#8230;]<\/p>\n","protected":false},"author":1,"featured_media":11935,"comment_status":"open","ping_status":"closed","sticky":false,"template":"","format":"standard","meta":{"footnotes":""},"categories":[249],"tags":[3587,638,3588,1771,1994],"class_list":["post-11931","post","type-post","status-publish","format-standard","has-post-thumbnail","hentry","category-umwelt","tag-dr-gero-clemens-hocker","tag-fdp-nds","tag-jan-christoph-oetjen","tag-wolf","tag-wolfsmanagement"],"_links":{"self":[{"href":"https:\/\/fdp-aktiv.de\/blog\/wp-json\/wp\/v2\/posts\/11931","targetHints":{"allow":["GET"]}}],"collection":[{"href":"https:\/\/fdp-aktiv.de\/blog\/wp-json\/wp\/v2\/posts"}],"about":[{"href":"https:\/\/fdp-aktiv.de\/blog\/wp-json\/wp\/v2\/types\/post"}],"author":[{"embeddable":true,"href":"https:\/\/fdp-aktiv.de\/blog\/wp-json\/wp\/v2\/users\/1"}],"replies":[{"embeddable":true,"href":"https:\/\/fdp-aktiv.de\/blog\/wp-json\/wp\/v2\/comments?post=11931"}],"version-history":[{"count":1,"href":"https:\/\/fdp-aktiv.de\/blog\/wp-json\/wp\/v2\/posts\/11931\/revisions"}],"predecessor-version":[{"id":11936,"href":"https:\/\/fdp-aktiv.de\/blog\/wp-json\/wp\/v2\/posts\/11931\/revisions\/11936"}],"wp:featuredmedia":[{"embeddable":true,"href":"https:\/\/fdp-aktiv.de\/blog\/wp-json\/wp\/v2\/media\/11935"}],"wp:attachment":[{"href":"https:\/\/fdp-aktiv.de\/blog\/wp-json\/wp\/v2\/media?parent=11931"}],"wp:term":[{"taxonomy":"category","embeddable":true,"href":"https:\/\/fdp-aktiv.de\/blog\/wp-json\/wp\/v2\/categories?post=11931"},{"taxonomy":"post_tag","embeddable":true,"href":"https:\/\/fdp-aktiv.de\/blog\/wp-json\/wp\/v2\/tags?post=11931"}],"curies":[{"name":"wp","href":"https:\/\/api.w.org\/{rel}","templated":true}]}}