{"id":12039,"date":"2023-06-29T19:07:51","date_gmt":"2023-06-29T17:07:51","guid":{"rendered":"https:\/\/fdp-aktiv.de\/blog\/?p=12039"},"modified":"2023-06-29T19:07:51","modified_gmt":"2023-06-29T17:07:51","slug":"hessen-knell-landwirtschaftsfoerderung-von-schwarz-gruen-zu-einseitig","status":"publish","type":"post","link":"https:\/\/fdp-aktiv.de\/blog\/2023\/06\/29\/hessen-knell-landwirtschaftsfoerderung-von-schwarz-gruen-zu-einseitig\/","title":{"rendered":"Hessen &#8211; KNELL: Landwirtschaftsf\u00f6rderung von Schwarz-Gr\u00fcn zu einseitig"},"content":{"rendered":"<div class=\"clearfix text-formatted field field--name-body field--type-text-with-summary field--label-hidden field__item\">\n<ul>\n<li><strong>H\u00f6festerben in Hessen trifft besonders kleine Betriebe<\/strong><\/li>\n<li><strong>Angebot darf nicht k\u00fcnstlich getrieben werden<\/strong><\/li>\n<li><strong>Ma\u00dfnahmen statt Bewirtschaftungsformen f\u00f6rdern<\/strong><\/li>\n<\/ul>\n<figure id=\"attachment_4692\" aria-describedby=\"caption-attachment-4692\" style=\"width: 800px\" class=\"wp-caption aligncenter\"><a href=\"https:\/\/fdp-aktiv.de\/blog\/wp-content\/uploads\/2022\/03\/tractor-4277810_1280.jpg\"><img loading=\"lazy\" decoding=\"async\" class=\"size-large wp-image-4692\" src=\"https:\/\/fdp-aktiv.de\/blog\/wp-content\/uploads\/2022\/03\/tractor-4277810_1280-1024x575.jpg\" alt=\"Agrarbild\" width=\"800\" height=\"449\" srcset=\"https:\/\/fdp-aktiv.de\/blog\/wp-content\/uploads\/2022\/03\/tractor-4277810_1280-1024x575.jpg 1024w, https:\/\/fdp-aktiv.de\/blog\/wp-content\/uploads\/2022\/03\/tractor-4277810_1280-300x169.jpg 300w, https:\/\/fdp-aktiv.de\/blog\/wp-content\/uploads\/2022\/03\/tractor-4277810_1280-768x431.jpg 768w, https:\/\/fdp-aktiv.de\/blog\/wp-content\/uploads\/2022\/03\/tractor-4277810_1280.jpg 1280w\" sizes=\"auto, (max-width: 800px) 100vw, 800px\" \/><\/a><figcaption id=\"caption-attachment-4692\" class=\"wp-caption-text\">Bild von <a href=\"https:\/\/pixabay.com\/de\/users\/harrystueber-5485086\/?utm_source=link-attribution&amp;utm_medium=referral&amp;utm_campaign=image&amp;utm_content=4277810\">HarryStueber<\/a> auf <a href=\"https:\/\/pixabay.com\/de\/?utm_source=link-attribution&amp;utm_medium=referral&amp;utm_campaign=image&amp;utm_content=4277810\">Pixabay<\/a><\/figcaption><\/figure>\n<p>\u201eDie Bilanz der Landesregierung in der Landwirtschaftspolitik ist schlecht. In Hessen gibt es weiterhin ein H\u00f6festerben, das insbesondere kleine Betriebe betrifft. Die Landesregierung versucht zwar, kleinb\u00e4uerliche Betriebe zu f\u00f6rdern, bewirkt aber genau das Gegenteil\u201c, sagt Wiebke KNELL, landwirtschaftspolitische Sprecherin der Freien Demokraten im Hessischen Landtag, anl\u00e4sslich der heutigen Debatte \u00fcber Landwirtschaftsf\u00f6rderung im Landtag. Knell kritisiert die einseitig auf \u00f6kologische Betriebe ausgerichteten F\u00f6rderinstrumente des Landes: \u201e\u00d6kologische Landwirtschaft muss sich entlang der Nachfrage entwickeln, das Angebot darf nicht k\u00fcnstlich durch Subventionen getrieben werden.\u201c Au\u00dferdem werde die Landesregierung ihr Ziel, 25 Prozent der Fl\u00e4che bis 2025 \u00f6kologisch zu bewirtschaften, ohnehin krachend verfehlen.<\/p>\n<p>Ein sinnvoller Ansatz zum Naturschutz und zum Erhalt der Artenvielfalt heimischer Tier- und Pflanzenarten sei der sogenannte Vertragsnaturschutz. \u201eWir Freie Demokraten wollen Ma\u00dfnahmen f\u00f6rdern, nicht eine bestimmte Bewirtschaftungsform. Wenn das Land es beispielsweise f\u00fcr sinnvoll h\u00e4lt, Bl\u00fchstreifen anzulegen, dann muss die Landesregierung Vertr\u00e4ge mit den Landwirten abschlie\u00dfen und die entstehenden Kosten langfristig und planungssicher verg\u00fcten\u201c, fordert Knell.<\/p>\n<\/div>\n","protected":false},"excerpt":{"rendered":"<p>H\u00f6festerben in Hessen trifft besonders kleine Betriebe Angebot darf nicht k\u00fcnstlich getrieben werden Ma\u00dfnahmen statt Bewirtschaftungsformen f\u00f6rdern \u201eDie Bilanz der Landesregierung in der Landwirtschaftspolitik ist schlecht. In Hessen gibt es [&#8230;]<\/p>\n","protected":false},"author":1,"featured_media":5184,"comment_status":"open","ping_status":"closed","sticky":false,"template":"","format":"standard","meta":{"footnotes":""},"categories":[410],"tags":[635,882,2172],"class_list":["post-12039","post","type-post","status-publish","format-standard","has-post-thumbnail","hentry","category-landwirtschaft","tag-fdp-hessen","tag-hoefesterben","tag-wiebke-knell"],"_links":{"self":[{"href":"https:\/\/fdp-aktiv.de\/blog\/wp-json\/wp\/v2\/posts\/12039","targetHints":{"allow":["GET"]}}],"collection":[{"href":"https:\/\/fdp-aktiv.de\/blog\/wp-json\/wp\/v2\/posts"}],"about":[{"href":"https:\/\/fdp-aktiv.de\/blog\/wp-json\/wp\/v2\/types\/post"}],"author":[{"embeddable":true,"href":"https:\/\/fdp-aktiv.de\/blog\/wp-json\/wp\/v2\/users\/1"}],"replies":[{"embeddable":true,"href":"https:\/\/fdp-aktiv.de\/blog\/wp-json\/wp\/v2\/comments?post=12039"}],"version-history":[{"count":1,"href":"https:\/\/fdp-aktiv.de\/blog\/wp-json\/wp\/v2\/posts\/12039\/revisions"}],"predecessor-version":[{"id":12048,"href":"https:\/\/fdp-aktiv.de\/blog\/wp-json\/wp\/v2\/posts\/12039\/revisions\/12048"}],"wp:featuredmedia":[{"embeddable":true,"href":"https:\/\/fdp-aktiv.de\/blog\/wp-json\/wp\/v2\/media\/5184"}],"wp:attachment":[{"href":"https:\/\/fdp-aktiv.de\/blog\/wp-json\/wp\/v2\/media?parent=12039"}],"wp:term":[{"taxonomy":"category","embeddable":true,"href":"https:\/\/fdp-aktiv.de\/blog\/wp-json\/wp\/v2\/categories?post=12039"},{"taxonomy":"post_tag","embeddable":true,"href":"https:\/\/fdp-aktiv.de\/blog\/wp-json\/wp\/v2\/tags?post=12039"}],"curies":[{"name":"wp","href":"https:\/\/api.w.org\/{rel}","templated":true}]}}