{"id":12078,"date":"2023-06-30T15:57:52","date_gmt":"2023-06-30T13:57:52","guid":{"rendered":"https:\/\/fdp-aktiv.de\/blog\/?p=12078"},"modified":"2023-06-30T15:57:52","modified_gmt":"2023-06-30T13:57:52","slug":"baden-wuerttemberg-hoher-forstminister-hauk-muss-umgehend-handeln-und-eine-borkenkaefer-katastrophe-verhindern","status":"publish","type":"post","link":"https:\/\/fdp-aktiv.de\/blog\/2023\/06\/30\/baden-wuerttemberg-hoher-forstminister-hauk-muss-umgehend-handeln-und-eine-borkenkaefer-katastrophe-verhindern\/","title":{"rendered":"Baden-W\u00fcrttemberg &#8211; Hoher: Forstminister Hauk muss umgehend handeln und eine Borkenk\u00e4fer-Katastrophe verhindern"},"content":{"rendered":"<p>Waldbesitzer brauchen schnellstm\u00f6glich unb\u00fcrokratische Unterst\u00fctzung.<\/p>\n<p>Zur Meldung, dass nach den vergangenen trockenen und hei\u00dfen Wochen Forstbesitzer, F\u00f6rster und Wissenschaftler Alarm schlagen und vor einer gewaltigen Welle von Borkenk\u00e4fern in den baden-w\u00fcrttembergischen W\u00e4ldern warnen, meint der forstpolitische Sprecher der FDP\/DVP-Fraktion, <strong>Klaus Hoher<\/strong>:<\/p>\n<p>\u201eIch hoffe, dass Forstminister Hauk aus den Fehlern der Vergangenheit gelernt hat. Er muss die Warnungen der Experten ernst nehmen, bevor es zur Borken-Katastrophe kommt. Befallenes Holz muss schnellstm\u00f6glich aus dem Forst. Die privaten und kommunalen Waldbesitzer brauchen umgehend unb\u00fcrokratische, zus\u00e4tzliche finanzielle Unterst\u00fctzung, damit sie die massive Herausforderung stemmen k\u00f6nnen.<\/p>\n<p>Ansonsten werden wir wie bereits in der Vergangenheit schon passiert so viel preiswerteres Schadholz auf dem Markt haben, dass die Holzpreise in den Keller gehen und es zu Marktverwerfungen kommt. Neben einer raschen Aufarbeitung und Beseitigung des frisch befallenen Schadholzes muss au\u00dferdem die konsequente Wiederbewaldung von Schadfl\u00e4chen mit klimastabilen Baumarten h\u00f6chste Priorit\u00e4t haben.<\/p>\n<p>Der Wald als CO2-Speicher, als Naherholungsgebiet und die Forst- und Holzwirtschaft stehen auf dem Spiel.\u201c<\/p>\n","protected":false},"excerpt":{"rendered":"<p>Waldbesitzer brauchen schnellstm\u00f6glich unb\u00fcrokratische Unterst\u00fctzung. Zur Meldung, dass nach den vergangenen trockenen und hei\u00dfen Wochen Forstbesitzer, F\u00f6rster und Wissenschaftler Alarm schlagen und vor einer gewaltigen Welle von Borkenk\u00e4fern in den [&#8230;]<\/p>\n","protected":false},"author":1,"featured_media":1641,"comment_status":"open","ping_status":"closed","sticky":false,"template":"","format":"standard","meta":{"footnotes":""},"categories":[249],"tags":[3638,650,1689],"class_list":["post-12078","post","type-post","status-publish","format-standard","has-post-thumbnail","hentry","category-umwelt","tag-borkenkaefer","tag-fdp-dvp","tag-klaus-hoher"],"_links":{"self":[{"href":"https:\/\/fdp-aktiv.de\/blog\/wp-json\/wp\/v2\/posts\/12078","targetHints":{"allow":["GET"]}}],"collection":[{"href":"https:\/\/fdp-aktiv.de\/blog\/wp-json\/wp\/v2\/posts"}],"about":[{"href":"https:\/\/fdp-aktiv.de\/blog\/wp-json\/wp\/v2\/types\/post"}],"author":[{"embeddable":true,"href":"https:\/\/fdp-aktiv.de\/blog\/wp-json\/wp\/v2\/users\/1"}],"replies":[{"embeddable":true,"href":"https:\/\/fdp-aktiv.de\/blog\/wp-json\/wp\/v2\/comments?post=12078"}],"version-history":[{"count":1,"href":"https:\/\/fdp-aktiv.de\/blog\/wp-json\/wp\/v2\/posts\/12078\/revisions"}],"predecessor-version":[{"id":12085,"href":"https:\/\/fdp-aktiv.de\/blog\/wp-json\/wp\/v2\/posts\/12078\/revisions\/12085"}],"wp:featuredmedia":[{"embeddable":true,"href":"https:\/\/fdp-aktiv.de\/blog\/wp-json\/wp\/v2\/media\/1641"}],"wp:attachment":[{"href":"https:\/\/fdp-aktiv.de\/blog\/wp-json\/wp\/v2\/media?parent=12078"}],"wp:term":[{"taxonomy":"category","embeddable":true,"href":"https:\/\/fdp-aktiv.de\/blog\/wp-json\/wp\/v2\/categories?post=12078"},{"taxonomy":"post_tag","embeddable":true,"href":"https:\/\/fdp-aktiv.de\/blog\/wp-json\/wp\/v2\/tags?post=12078"}],"curies":[{"name":"wp","href":"https:\/\/api.w.org\/{rel}","templated":true}]}}