{"id":12079,"date":"2023-06-30T15:58:53","date_gmt":"2023-06-30T13:58:53","guid":{"rendered":"https:\/\/fdp-aktiv.de\/blog\/?p=12079"},"modified":"2023-06-30T15:58:53","modified_gmt":"2023-06-30T13:58:53","slug":"funke-kaiser-data-act-ist-game-changer-fuer-den-standort-europa","status":"publish","type":"post","link":"https:\/\/fdp-aktiv.de\/blog\/2023\/06\/30\/funke-kaiser-data-act-ist-game-changer-fuer-den-standort-europa\/","title":{"rendered":"FUNKE-KAISER: Data Act ist Game-Changer f\u00fcr den Standort Europa"},"content":{"rendered":"<div class=\"clearfix text-formatted field field--name-body field--type-text-with-summary field--label-hidden field__item\">\n<p>Zur Verst\u00e4ndigung der EU-Staaten und des EU-Parlaments auf den \u201eData Act\u201c erkl\u00e4rt der digitalpolitische Sprecher der FDP-Fraktion Maximilian Funke-Kaiser:<\/p>\n<p>\u201eEs mangelt der Europ\u00e4ischen Union nicht an Daten, es mangelt am Zugang und der Nutzung dieser wertvollen Ressource. Der Data Act regelt nun europaweit klar, wer die Daten von Haushaltsger\u00e4ten und Maschinen nutzen kann und wird somit zum Game-Changer f\u00fcr den Standort Europa. Indem wir unionsrechtlich festlegen, dass Verbraucher, Unternehmen und \u00f6ffentliche Einrichtungen ihre Daten auch teilen und nutzen d\u00fcrfen, schaffen wir einen rechtssicheren Datenbinnenmarkt in der EU und entfesseln Wertsch\u00f6pfungspotenziale. Die M\u00f6glichkeiten, die bisher nur Big-Tech zur Verf\u00fcgung standen, kommen nun auch Verbraucherinnen und Verbrauchern sowie dem Mittelstand zu Gute. Die erzielte Einigung innerhalb der EU wahrt die Pers\u00f6nlichkeitsrechte des Einzelnen, bewahrt das Recht auf geistiges Eigentum und sch\u00fctzt Gesch\u00e4ftsgeheimnisse in besonderem Ma\u00dfe. Diese Aspekte sind von zentraler Bedeutung, um einen ausgewogenen und verantwortungsvollen Umgang mit Daten zu gew\u00e4hrleisten. In Zusammenspiel mit der Datenstrategie des Bundes entsteht hier ein liberaler Rechtsrahmen, der datengetriebenen Gesch\u00e4ftsmodellen in Deutschland Fl\u00fcgel verleiht.\u201c<\/p>\n<\/div>\n","protected":false},"excerpt":{"rendered":"<p>Zur Verst\u00e4ndigung der EU-Staaten und des EU-Parlaments auf den \u201eData Act\u201c erkl\u00e4rt der digitalpolitische Sprecher der FDP-Fraktion Maximilian Funke-Kaiser: \u201eEs mangelt der Europ\u00e4ischen Union nicht an Daten, es mangelt am [&#8230;]<\/p>\n","protected":false},"author":1,"featured_media":5741,"comment_status":"open","ping_status":"closed","sticky":false,"template":"","format":"standard","meta":{"footnotes":""},"categories":[68],"tags":[3639,2688,1962],"class_list":["post-12079","post","type-post","status-publish","format-standard","has-post-thumbnail","hentry","category-digital","tag-data-act","tag-fdp-bundestag","tag-maximilian-funke-kaiser"],"_links":{"self":[{"href":"https:\/\/fdp-aktiv.de\/blog\/wp-json\/wp\/v2\/posts\/12079","targetHints":{"allow":["GET"]}}],"collection":[{"href":"https:\/\/fdp-aktiv.de\/blog\/wp-json\/wp\/v2\/posts"}],"about":[{"href":"https:\/\/fdp-aktiv.de\/blog\/wp-json\/wp\/v2\/types\/post"}],"author":[{"embeddable":true,"href":"https:\/\/fdp-aktiv.de\/blog\/wp-json\/wp\/v2\/users\/1"}],"replies":[{"embeddable":true,"href":"https:\/\/fdp-aktiv.de\/blog\/wp-json\/wp\/v2\/comments?post=12079"}],"version-history":[{"count":1,"href":"https:\/\/fdp-aktiv.de\/blog\/wp-json\/wp\/v2\/posts\/12079\/revisions"}],"predecessor-version":[{"id":12086,"href":"https:\/\/fdp-aktiv.de\/blog\/wp-json\/wp\/v2\/posts\/12079\/revisions\/12086"}],"wp:featuredmedia":[{"embeddable":true,"href":"https:\/\/fdp-aktiv.de\/blog\/wp-json\/wp\/v2\/media\/5741"}],"wp:attachment":[{"href":"https:\/\/fdp-aktiv.de\/blog\/wp-json\/wp\/v2\/media?parent=12079"}],"wp:term":[{"taxonomy":"category","embeddable":true,"href":"https:\/\/fdp-aktiv.de\/blog\/wp-json\/wp\/v2\/categories?post=12079"},{"taxonomy":"post_tag","embeddable":true,"href":"https:\/\/fdp-aktiv.de\/blog\/wp-json\/wp\/v2\/tags?post=12079"}],"curies":[{"name":"wp","href":"https:\/\/api.w.org\/{rel}","templated":true}]}}