{"id":12100,"date":"2023-07-01T12:03:57","date_gmt":"2023-07-01T10:03:57","guid":{"rendered":"https:\/\/fdp-aktiv.de\/blog\/?p=12100"},"modified":"2023-07-01T12:03:57","modified_gmt":"2023-07-01T10:03:57","slug":"baden-wuertemberg-reith-und-schweickert-kraftvolle-wirtschaftspolitik-muss-breite-der-unternehmen-in-den-blick-nehmen","status":"publish","type":"post","link":"https:\/\/fdp-aktiv.de\/blog\/2023\/07\/01\/baden-wuertemberg-reith-und-schweickert-kraftvolle-wirtschaftspolitik-muss-breite-der-unternehmen-in-den-blick-nehmen\/","title":{"rendered":"Baden-W\u00fcrtemberg &#8211; Reith und Schweickert: Kraftvolle Wirtschaftspolitik muss Breite der Unternehmen in den Blick nehmen"},"content":{"rendered":"<p>Ausgeweidetes Ministerium kann <a href=\"https:\/\/fdp-aktiv.de\/blog\/2021\/01\/29\/fdp-forderung-wirtschaftspolitik\/\" data-internallinksmanager029f6b8e52c=\"10\" title=\"FDP Forderung Wirtschaftspolitik\" target=\"_blank\" rel=\"noopener\">Wirtschaftspolitik<\/a> f\u00fcr Unternehmen nicht mehr aktiv gestalten<\/p>\n<p><strong>Niko Reith, <\/strong>wirtschaftspolitischer Sprecher der FDP\/DVP-Fraktion, erkl\u00e4rt zur heutigen aktuellen Debatte \u201eMittelstand und Industrie in der Krise \u2013 WECK-Ruf an die Regierung\u201c:<\/p>\n<p>\u201eBaden-W\u00fcrttemberg ist \u2013 allen Unkenrufen zum Trotz \u2013 ein wirtschaftliches Powerhouse. Von unserem Wirtschaftsministerium kann man das leider nicht mehr behaupten. In den Koalitionsverhandlungen wurden erst seine Zust\u00e4ndigkeiten massiv zurechtgestutzt. Jetzt rei\u00dft der Ministerpr\u00e4sident immer h\u00e4ufiger wichtige Themen wie Ansiedlungsstrategie oder <a href=\"https:\/\/fdp-aktiv.de\/blog\/2021\/01\/29\/fdp-forderung-arbeitsmarktpolitik\/\" data-internallinksmanager029f6b8e52c=\"4\" title=\"FDP Forderung Arbeitsmarktpolitik\" target=\"_blank\" rel=\"noopener\">Arbeitsmarktpolitik<\/a> an sich. Zur\u00fcck bleibt ein kraftloses Haus, welches nicht mehr die Interessen der Unternehmen vertreten kann. Eine l\u00f6sungsorientierte <a href=\"https:\/\/fdp-aktiv.de\/blog\/2021\/01\/29\/fdp-forderung-wirtschaftspolitik\/\" data-internallinksmanager029f6b8e52c=\"10\" title=\"FDP Forderung Wirtschaftspolitik\" target=\"_blank\" rel=\"noopener\">Wirtschaftspolitik<\/a> ist so nicht mehr m\u00f6glich \u2013 und das ist ein gro\u00dfes Problem f\u00fcr unser Land!\u201c<\/p>\n<p>&nbsp;<\/p>\n<p><strong>Prof. Dr. Erik Schweickert<\/strong>, mittelstandspolitischer Sprecher, erg\u00e4nzt:<\/p>\n<p>\u201eJede Krise trifft den Mittelstand besonders hart. Daher brauchen wir endlich eine kraftvolle Unterst\u00fctzung f\u00fcr die kleineren Unternehmen, die sich eben nicht eine gro\u00dfe Compliance-Abteilung, Experten f\u00fcr F\u00f6rderantr\u00e4ge oder Beauftragte f\u00fcr Rechtsfragen leisten k\u00f6nnen. Notwendig ist daher endlich ein nachhaltiger B\u00fcrokratieabbau, ein leistungsf\u00e4higes, breit-aufgestelltes Innovationssystem sowie eine umfassende Arbeitskr\u00e4ftestrategie!<\/p>\n<p>Spezialsubventionen f\u00fcr Gro\u00dfunternehmen oder Sonderregelungen f\u00fcr Einzelbranchen \u2013 ich denke hier beispielsweise an die Diskussionen um den Industriestrompreis \u2013 sind hier hingegen fehl am Platz. Diese helfen nicht der Wirtschaft in der Breite, sondern sind eher Pflaster f\u00fcr Einzelprobleme.\u201c<\/p>\n<p>&nbsp;<\/p>\n<p>&nbsp;<\/p>\n","protected":false},"excerpt":{"rendered":"<p>Ausgeweidetes Ministerium kann Wirtschaftspolitik f\u00fcr Unternehmen nicht mehr aktiv gestalten Niko Reith, wirtschaftspolitischer Sprecher der FDP\/DVP-Fraktion, erkl\u00e4rt zur heutigen aktuellen Debatte \u201eMittelstand und Industrie in der Krise \u2013 WECK-Ruf an [&#8230;]<\/p>\n","protected":false},"author":1,"featured_media":6150,"comment_status":"open","ping_status":"closed","sticky":false,"template":"","format":"standard","meta":{"footnotes":""},"categories":[8],"tags":[1809,1029,650,15,2504,1452],"class_list":["post-12100","post","type-post","status-publish","format-standard","has-post-thumbnail","hentry","category-wirtschaft","tag-arbeitsmarkt","tag-buerokratieabbau","tag-fdp-dvp","tag-mittelstand","tag-niko-reith","tag-prof-dr-erik-schweickert"],"_links":{"self":[{"href":"https:\/\/fdp-aktiv.de\/blog\/wp-json\/wp\/v2\/posts\/12100","targetHints":{"allow":["GET"]}}],"collection":[{"href":"https:\/\/fdp-aktiv.de\/blog\/wp-json\/wp\/v2\/posts"}],"about":[{"href":"https:\/\/fdp-aktiv.de\/blog\/wp-json\/wp\/v2\/types\/post"}],"author":[{"embeddable":true,"href":"https:\/\/fdp-aktiv.de\/blog\/wp-json\/wp\/v2\/users\/1"}],"replies":[{"embeddable":true,"href":"https:\/\/fdp-aktiv.de\/blog\/wp-json\/wp\/v2\/comments?post=12100"}],"version-history":[{"count":1,"href":"https:\/\/fdp-aktiv.de\/blog\/wp-json\/wp\/v2\/posts\/12100\/revisions"}],"predecessor-version":[{"id":12106,"href":"https:\/\/fdp-aktiv.de\/blog\/wp-json\/wp\/v2\/posts\/12100\/revisions\/12106"}],"wp:featuredmedia":[{"embeddable":true,"href":"https:\/\/fdp-aktiv.de\/blog\/wp-json\/wp\/v2\/media\/6150"}],"wp:attachment":[{"href":"https:\/\/fdp-aktiv.de\/blog\/wp-json\/wp\/v2\/media?parent=12100"}],"wp:term":[{"taxonomy":"category","embeddable":true,"href":"https:\/\/fdp-aktiv.de\/blog\/wp-json\/wp\/v2\/categories?post=12100"},{"taxonomy":"post_tag","embeddable":true,"href":"https:\/\/fdp-aktiv.de\/blog\/wp-json\/wp\/v2\/tags?post=12100"}],"curies":[{"name":"wp","href":"https:\/\/api.w.org\/{rel}","templated":true}]}}