{"id":12109,"date":"2023-07-02T10:15:04","date_gmt":"2023-07-02T08:15:04","guid":{"rendered":"https:\/\/fdp-aktiv.de\/blog\/?p=12109"},"modified":"2023-07-02T10:15:04","modified_gmt":"2023-07-02T08:15:04","slug":"hessen-dr-naas-hessen-muss-potenziale-der-geothermie-nutzen","status":"publish","type":"post","link":"https:\/\/fdp-aktiv.de\/blog\/2023\/07\/02\/hessen-dr-naas-hessen-muss-potenziale-der-geothermie-nutzen\/","title":{"rendered":"Hessen &#8211; DR. NAAS: Hessen muss Potenziale der Geothermie nutzen"},"content":{"rendered":"<ul>\n<li><strong>Landesregierung vernachl\u00e4ssigt Erdw\u00e4rme<\/strong><\/li>\n<li><strong>Geothermie bietet viele Chancen und Vorteile<\/strong><\/li>\n<li><strong>Freie Demokraten fordern Strategie f\u00fcr Tiefengeothermie<\/strong><\/li>\n<\/ul>\n<p>Dr. Stefan NAAS, stellvertretender Fraktionsvorsitzender und wirtschaftspolitischer Sprecher der Freien Demokraten im Hessischen Landtag, hat in der heutigen Plenardebatte kritisiert, dass die Landesregierung die Potenziale von Tiefengeothermie\u00a0nicht ausreichend f\u00f6rdere:\u00a0\u201eGeothermie bietet M\u00f6glichkeiten f\u00fcr Hessen, die bisher von der Landesregierung vernachl\u00e4ssigt werden. Erdw\u00e4rme ist eine regenerative Energie, durch die eine sichere, wirtschaftliche und klimafreundliche Energieversorgung erm\u00f6glicht wird. Tarek Al-Wazir muss endlich handeln und Erdw\u00e4rme in Hessen\u00a0voranbringen.\u201c Das Potenzial der Geothermie haben die Freien Demokraten zu ihrem Schwerpunktthema in dieser Plenarwoche gemacht. Insbesondere die Tiefengeothermie mit einer Bohrtiefe von \u00fcber 400 Metern biete gro\u00dfe Chancen. Naas erl\u00e4utert die Vorteile dieser W\u00e4rmequelle: \u201eErdw\u00e4rme ist eine regenerative Energie und st\u00f6\u00dft weder CO2 noch Schadstoffe aus. Des Weiteren steht Geothermie jederzeit und \u00fcberall zur Verf\u00fcgung und ist nicht gebunden an ausl\u00e4ndische Rohstoffe. Im Gegensatz zur Wind- und Sonnenenergie ist sie stets eine zuverl\u00e4ssige Energiequelle, unabh\u00e4ngig vom Wetter und der Jahreszeit. Au\u00dferdem verbraucht Geothermie im Vergleich mit Windkraft oder\u00a0Solarenergie sehr wenig Fl\u00e4che.\u201c<\/p>\n<p>Naas fordert die Landesregierung dazu auf, Geothermie in Hessen voranzubringen: \u201eAufgrund der Lage\u00a0im\u00a0Oberrheingraben hat Hessen beste Voraussetzungen f\u00fcr den Einsatz von Erdw\u00e4rme, dennoch gibt es hier bisher kein einziges kommerzielles Erdw\u00e4rmekraftwerk. Das Potenzial zur Nutzung von Tiefengeothermie in Hessen muss erschlossen werden. Andere L\u00e4nder, zum Beispiel Baden-W\u00fcrttemberg, haben es bereits vorgemacht und eine Road-Map zur Nutzung von Erdw\u00e4rme vorgelegt. Die hessische Landesregierung hinkt allerdings hinterher. Au\u00dferdem ist es wichtig, dass\u00a0hessische Kommunen im Rahmen der kommunalen W\u00e4rmeplanung\u00a0bei der Realisierung von Erdw\u00e4rmekraftwerken unterst\u00fctzt werden. Dazu muss ein Sonderf\u00f6rderprogramm aufgelegt werden. Wir Freie Demokraten fordern die Landesregierung zudem dazu auf, einen j\u00e4hrlichen Bericht zur Entwicklung der Tiefengeothermie in Hessen vorzulegen.\u201c<\/p>\n<p>Die aktuelle Heizungsdebatte verdeutliche die Relevanz von Geothermie: \u201eAlle geeigneten Heiztechnologien sollen zu einer klimafreundlichen Energieversorgung beitragen k\u00f6nnen. Dazu geh\u00f6rt auch Erdw\u00e4rme. Verbote sind der falsche Weg, um Treibhausgase im Energiesektor zu reduzieren. Stattdessen m\u00fcssen Anreize gesetzt und Innovationen gef\u00f6rdert werden.&#8221;<\/p>\n","protected":false},"excerpt":{"rendered":"<p>Landesregierung vernachl\u00e4ssigt Erdw\u00e4rme Geothermie bietet viele Chancen und Vorteile Freie Demokraten fordern Strategie f\u00fcr Tiefengeothermie Dr. Stefan NAAS, stellvertretender Fraktionsvorsitzender und wirtschaftspolitischer Sprecher der Freien Demokraten im Hessischen Landtag, hat [&#8230;]<\/p>\n","protected":false},"author":1,"featured_media":11567,"comment_status":"open","ping_status":"closed","sticky":false,"template":"","format":"standard","meta":{"footnotes":""},"categories":[1979,207],"tags":[1302,3644,635,3438],"class_list":["post-12109","post","type-post","status-publish","format-standard","has-post-thumbnail","hentry","category-energie","category-familie-wohnen","tag-dr-stefan-naas","tag-erdwaerme","tag-fdp-hessen","tag-geothermie"],"_links":{"self":[{"href":"https:\/\/fdp-aktiv.de\/blog\/wp-json\/wp\/v2\/posts\/12109","targetHints":{"allow":["GET"]}}],"collection":[{"href":"https:\/\/fdp-aktiv.de\/blog\/wp-json\/wp\/v2\/posts"}],"about":[{"href":"https:\/\/fdp-aktiv.de\/blog\/wp-json\/wp\/v2\/types\/post"}],"author":[{"embeddable":true,"href":"https:\/\/fdp-aktiv.de\/blog\/wp-json\/wp\/v2\/users\/1"}],"replies":[{"embeddable":true,"href":"https:\/\/fdp-aktiv.de\/blog\/wp-json\/wp\/v2\/comments?post=12109"}],"version-history":[{"count":1,"href":"https:\/\/fdp-aktiv.de\/blog\/wp-json\/wp\/v2\/posts\/12109\/revisions"}],"predecessor-version":[{"id":12113,"href":"https:\/\/fdp-aktiv.de\/blog\/wp-json\/wp\/v2\/posts\/12109\/revisions\/12113"}],"wp:featuredmedia":[{"embeddable":true,"href":"https:\/\/fdp-aktiv.de\/blog\/wp-json\/wp\/v2\/media\/11567"}],"wp:attachment":[{"href":"https:\/\/fdp-aktiv.de\/blog\/wp-json\/wp\/v2\/media?parent=12109"}],"wp:term":[{"taxonomy":"category","embeddable":true,"href":"https:\/\/fdp-aktiv.de\/blog\/wp-json\/wp\/v2\/categories?post=12109"},{"taxonomy":"post_tag","embeddable":true,"href":"https:\/\/fdp-aktiv.de\/blog\/wp-json\/wp\/v2\/tags?post=12109"}],"curies":[{"name":"wp","href":"https:\/\/api.w.org\/{rel}","templated":true}]}}